{"id":2264,"date":"2023-02-26T16:33:09","date_gmt":"2023-02-26T16:33:09","guid":{"rendered":"https:\/\/amandine-perrichon.org\/?p=2264"},"modified":"2023-09-06T10:34:11","modified_gmt":"2023-09-06T08:34:11","slug":"poids-sur-la-balance","status":"publish","type":"post","link":"https:\/\/psychodietetique.fr\/index.php\/2023\/02\/26\/poids-sur-la-balance\/","title":{"rendered":"Se d\u00e9tacher du poids sur la balance"},"content":{"rendered":"\t\t<div data-elementor-type=\"wp-post\" data-elementor-id=\"2264\" class=\"elementor elementor-2264\">\n\t\t\t\t\t\t<section class=\"elementor-section elementor-top-section elementor-element elementor-element-2af347a5 elementor-section-boxed elementor-section-height-default elementor-section-height-default wpr-particle-no wpr-jarallax-no wpr-parallax-no wpr-sticky-section-no wpr-equal-height-no\" data-id=\"2af347a5\" data-element_type=\"section\">\n\t\t\t\t\t\t<div class=\"elementor-container elementor-column-gap-default\">\n\t\t\t\t\t<div class=\"elementor-column elementor-col-100 elementor-top-column elementor-element elementor-element-24887a\" data-id=\"24887a\" data-element_type=\"column\">\n\t\t\t<div class=\"elementor-widget-wrap elementor-element-populated\">\n\t\t\t\t\t\t<div class=\"elementor-element elementor-element-62b4e51 elementor-widget elementor-widget-image\" data-id=\"62b4e51\" data-element_type=\"widget\" data-widget_type=\"image.default\">\n\t\t\t\t<div class=\"elementor-widget-container\">\n\t\t\t\t\t\t\t\t\t\t\t\t\t\t\t<img fetchpriority=\"high\" decoding=\"async\" width=\"1024\" height=\"576\" src=\"https:\/\/psychodietetique.fr\/wp-content\/uploads\/2023\/08\/5-1024x576.jpg\" class=\"attachment-large size-large wp-image-3139\" alt=\"Se d\u00e9tacher du poids de la balance\" srcset=\"https:\/\/psychodietetique.fr\/wp-content\/uploads\/2023\/08\/5-1024x576.jpg 1024w, https:\/\/psychodietetique.fr\/wp-content\/uploads\/2023\/08\/5-300x169.jpg 300w, https:\/\/psychodietetique.fr\/wp-content\/uploads\/2023\/08\/5-768x432.jpg 768w, https:\/\/psychodietetique.fr\/wp-content\/uploads\/2023\/08\/5-1536x864.jpg 1536w, https:\/\/psychodietetique.fr\/wp-content\/uploads\/2023\/08\/5-2048x1152.jpg 2048w, https:\/\/psychodietetique.fr\/wp-content\/uploads\/2023\/08\/5-800x450.jpg 800w\" sizes=\"(max-width: 1024px) 100vw, 1024px\" \/>\t\t\t\t\t\t\t\t\t\t\t\t\t\t\t<\/div>\n\t\t\t\t<\/div>\n\t\t\t\t<div class=\"elementor-element elementor-element-e873bdd elementor-widget elementor-widget-text-editor\" data-id=\"e873bdd\" data-element_type=\"widget\" data-widget_type=\"text-editor.default\">\n\t\t\t\t<div class=\"elementor-widget-container\">\n\t\t\t\t\t\t\t\t\t<h2><strong>Qu\u2019est-ce que cela vous apporte de monter sur la balance et de conna\u00eetre votre poids?\u00a0<\/strong><\/h2><p>Prenez un temps pour r\u00e9pondre honn\u00eatement, de vous \u00e0 vous m\u00eame, \u00e0 cette question.\u00a0<\/p><p>Aujourd\u2019hui je vous parle de la balance car c\u2019est une source d\u2019interrogations pour les patients-es qui entrent dans mon cabinet depuis le\u00a0 mois de f\u00e9vrier. Nous allons voir ensemble comment se d\u00e9tacher du poids sur la balance. Vous comprendrais alors que rester attacher \u00e0 ce chiffre vous \u00e9loigne toujours plus de vos objectifs.\u00a0<\/p><h2><strong>Une di\u00e9t\u00e9ticienne sans balance, est-ce vraiment une di\u00e9t\u00e9ticienne?<\/strong>\u00a0<\/h2><p>Dans mon approche, quelles que soient vos intentions, votre poids n\u2019est pas l\u2019indicateur qui d\u00e9termine l\u2019orientation de l\u2019accompagnement que je vous propose. C\u2019est pourquoi je n\u2019ai pas de balance dans mon cabinet. Ainsi, je ne calcule pas votre IMC. Cet Indice de Masse Corporel qui positionne le poids dans diff\u00e9rentes cat\u00e9gories : maigreur, normalit\u00e9, surpoids et ob\u00e9sit\u00e9 avec diff\u00e9rents niveaux pour l\u2019ob\u00e9sit\u00e9.\u00a0<\/p><p>Quel que soit votre poids, je vous accueille avec votre histoire et vos difficult\u00e9s en lien avec votre poids et votre rapport au corps et \u00e0 l\u2019alimentation.\u00a0<\/p><h2><strong>Un poids, un chiffre, une norme r\u00e9ductrice<\/strong><\/h2><p>Ma conviction profonde est qu\u2019un probl\u00e8me de poids n\u2019est pas d\u00e9pendant du chiffre qui s\u2019affiche sur votre balance. Et encore moins de l\u2019IMC.\u00a0 Ce serait stigmatiser le poids et normer la souffrance. Il serait alors normal de se sentir mal dans son corps avec un IMC en zone de surpoids et anormal de ressentir le m\u00eame mal \u00eatre si votre IMC est dit normal.\u00a0<\/p><p>Et inversement, il serait anormal de se sentir bien dans son corps avec un IMC dit en surpoids.\u00a0<\/p><p>Il est \u00e0 mon sens impossible de d\u00e9terminer si l\u2019on se sent bien ou mal dans son corps uniquement en regardant un chiffre sur une balance. C\u2019est extr\u00eamement r\u00e9ducteur.<\/p><blockquote><p><strong>Qu\u2019en pensez-vous?\u00a0<\/strong><\/p><\/blockquote><p><strong>\u00a0<\/strong><\/p><h2><strong>Influence de la balance sur l\u2019estime de soi<\/strong><\/h2><p>Je me souviens tr\u00e8s bien d\u2019une cliente que j\u2019ai accompagn\u00e9e au d\u00e9but de mon activit\u00e9 lib\u00e9rale en ligne. Elle avait \u00e9volu\u00e9 sur diff\u00e9rents niveaux : elle \u00e9tait plus attentive \u00e0 respecter ses sensations alimentaires, mangeait moins pour combler son ennui ou apaiser son stress. Et avait repris r\u00e9guli\u00e8rement les activit\u00e9s physiques qui lui faisaient du bien. Elle \u00e9tait fi\u00e8re d\u2019elle et se sentait bien mieux dans son corps et dans son rapport \u00e0 la nourriture. Et puis un jour, elle monte sur la balance. Son poids n\u2019a pas boug\u00e9. Elle me laisse un message, totalement d\u00e9sesp\u00e9r\u00e9e par ce r\u00e9sultat. Se sentant nulle et avec ce sentiment que ses efforts ne servent \u00e0 rien. Un sentiment d\u2019\u00e9chec.\u00a0<\/p><blockquote><p><strong>Que pensez-vous de cette histoire? Est-ce qu\u2019elle vous rappelle votre histoire? Qu\u2019est-ce qui est le plus important pour vous : vous sentir bien dans votre corps et avoir une relation apais\u00e9e \u00e0 votre alimentation ou atteindre un objectif chiffr\u00e9 sur la balance?<\/strong>\u00a0<\/p><\/blockquote><h2 style=\"text-align: left;\"><strong>Le poids sur la balance influence votre \u00e9tat \u00e9motionnel et votre comportement alimentaire<\/strong><\/h2><p>Quand vous perdez du poids, vous \u00eates alors fi\u00e8re de vous. Vous avez r\u00e9ussi.\u00a0Au niveau \u00e9motionnel, vous pouvez ressentir de la joie, de la satisfaction, de la confiance.\u00a0<\/p><p>Ces ressentis, ces \u00e9motions peuvent alors influencer votre comportement alimentaire. Vous pouvez avoir recours \u00e0 une nourriture \u201cr\u00e9compense\u201d pour vous r\u00e9compenser de l\u2019atteinte de vos objectifs. Il est \u00e9galement possible que vous tombiez dans l\u2019exc\u00e8s alimentaire en compensation des efforts fournis. Ces exc\u00e8s favorisent la culpabilit\u00e9. Cette culpabilit\u00e9 peut vous amener \u00e0 manger encore plus pour \u00eatre apais\u00e9e ou \u00e9touff\u00e9e.\u00a0<\/p><p>Si votre poids sur la balance ne change pas ou augmente. Vous pouvez ressentir de la honte, de la culpabilit\u00e9, vous sentir d\u00e9moralis\u00e9e, nulle, incapable de r\u00e9ussir et sans volont\u00e9 aucune.\u00a0<\/p><p>Ces ressentis et \u00e9motions peuvent vous amener \u00e0 manger pour vous punir de ne pas avoir r\u00e9ussi \u00e0 maigrir. La nourriture peut aussi \u00eatre l\u00e0 pour \u00e9touffer ou apaiser vos \u00e9motions et vous convaincre que de toute fa\u00e7on vous n&#8217;arriverez jamais \u00e0 maigrir et \u00e0 vous sentir bien dans votre peau.\u00a0<\/p><h2><strong>C\u2019est un cercle vicieux qui vous conduit inlassablement \u00e0 l\u2019insatisfaction de vous-m\u00eame.\u00a0<\/strong><\/h2><p>Le poids sur la balance entretient le conflit avec votre\u00a0 poids et votre alimentation<\/p><p>La balance maintient dans le contr\u00f4le du corps et de l\u2019alimentation. Elle favorise une relation au corps et \u00e0 l&#8217;alimentation conflictuelle.<\/p><blockquote><p><strong>Pourquoi tant de personnes contr\u00f4lent leur alimentation? Pourquoi, si c\u2019est votre cas, contr\u00f4lez- vous, surveillez- vous, faites- vous attention \u00e0 votre alimentation?\u00a0<\/strong><\/p><\/blockquote><p>Pour contr\u00f4ler son corps. Si personne ne souhaitait\u00a0 contr\u00f4ler son corps et par extension son poids. Personne ne contr\u00f4lerait son alimentation. Chacun serait \u00e0 l\u2019\u00e9coute de ses besoins et respecterait son corps dans son enti\u00e8ret\u00e9.\u00a0<\/p><p>Cette recherche de contr\u00f4le de son corps et de son l\u2019alimentation cache une relation conflictuelle avec son corps. Et c&#8217;est en am\u00e9liorant la relation que l&#8217;on a avec son corps, que l&#8217;on arrive pas \u00e0 pas \u00e0 apaiser sa relation \u00e0 la nourriture. Il est alors possible de retrouver naturellement son poids d&#8217;\u00e9quilibre. Et de maintenir ce poids durablement, en \u00e9vitant de faire souffrir votre corps de l&#8217;effet yoyo.\u00a0<\/p><h2><strong>Se d\u00e9tacher du poids sur la balance : les b\u00e9n\u00e9fices<\/strong><\/h2><p>Avant de vous donner des pistes pour vous d\u00e9tacher du poids sur la balance. Voici un r\u00e9capitulatif des b\u00e9n\u00e9fices de &#8220;balancer sa balance!&#8221; :<\/p><ul><li>Invite \u00e0 porter son attention sur l&#8217;ensemble de ses \u00e9volutions : meilleure \u00e9nergie, am\u00e9lioration du sommeil, silhouette plus tonique&#8230; En valorisant les r\u00e9sultats de vos changements de comportements vous am\u00e9liorez votre estime de vous- m\u00eame et votre confiance en vous.<\/li><\/ul><ul><li>Facilite la progression vers votre poids d&#8217;\u00e9quilibre. Ce poids qui vous ai propre et qui ne vous permet de manger librement sans restrictions, ni frustrations. C&#8217;est un poids qui vous permet de retrouver votre unicit\u00e9 et d&#8217;arr\u00eater de vouloir rentrer dans des cases fix\u00e9es par la soci\u00e9t\u00e9.<\/li><\/ul><ul><li>Favorise un \u00e9tat \u00e9motionnel plus stable en \u00e9vitant les \u00e9motions g\u00e9n\u00e9r\u00e9es par la pes\u00e9e. Peu ainsi am\u00e9liorer le comportement alimentation et limiter les envies de manger \u00e9motionnelles.<\/li><\/ul><ul><li>Aide \u00e0 sortir du cercle vicieux des r\u00e9gimes et des effets yoyo qui vous font grossir au fil des ann\u00e9es.<\/li><\/ul><h2><strong>Comment se d\u00e9tacher du poids sur l<\/strong><strong style=\"font-family: Oswald; font-size: 24px;\">a balance?<\/strong><span style=\"font-family: Oswald; font-size: 24px; font-weight: 600;\">\u00a0<\/span><\/h2><ul><li>Diminuez\u00a0 petit \u00e0 petit le nombre de fois o\u00f9 vous montez sur votre balance.\u00a0<\/li><li>\u00c9valuez vos ressentis. Vous pouvez utiliser une \u00e9chelle de 0 \u00e0 10 ou une \u00e9chelle de couleurs.\u00a0<\/li><li>Comment vous sentez-\u00a0 vous dans votre corps? (0 pas bien du tout &#8211; 10 super bien)<\/li><li>Comment vous sentez- vous dans vos v\u00eatements? (0 pas bien du tout &#8211; 10 super bien)<\/li><\/ul><h2><strong>Vous souhaitez vous faire accompagner dans votre d\u00e9marche ?<\/strong><\/h2><p>Je vous propose de nombreux outils et exercices afin d&#8217;am\u00e9liorer votre relation au corps et vous d\u00e9tacher pas \u00e0 pas du poids de la balance. Je vous guide gr\u00e2ce \u00e0 une approche globale vers un meilleur \u00e9quilibre de vie afin de trouver votre poids d&#8217;\u00e9quilibre.\u00a0<\/p><p><strong>En savoir plus sur l&#8217;accompagnement \u00e0 la perte de poids (sans pes\u00e9e sur la balance!) : <span style=\"color: #800080;\"><a style=\"color: #800080;\" href=\"https:\/\/psychodietetique.fr\/index.php\/nutritionniste-carpentras\/\">Perte de poids\u00a0<\/a><\/span><\/strong><\/p><h2>Finir cet article avec humour\u00a0<\/h2><p>D\u00e9couvrez la BD de Tiffany Cooper : <span style=\"color: #800080;\"><a style=\"color: #800080;\" href=\"https:\/\/www.gros.org\/sites\/default\/files\/2023-04\/balance%20ta%20balance.pdf\">Balance ta balance!\u00a0<\/a><\/span><\/p><p>Avec l\u00e9g\u00e8ret\u00e9, l&#8217;artiste fait des liens entre contr\u00f4le du corps, obsession du poids sur la balance et les Troubles des Conduites Alimentaires.\u00a0<\/p>\t\t\t\t\t\t\t\t<\/div>\n\t\t\t\t<\/div>\n\t\t\t\t\t<\/div>\n\t\t<\/div>\n\t\t\t\t\t<\/div>\n\t\t<\/section>\n\t\t\t\t<\/div>\n\t\t","protected":false},"excerpt":{"rendered":"<p>Qu\u2019est-ce que cela vous apporte de monter sur la balance et de conna\u00eetre votre poids?\u00a0 Prenez un temps pour r\u00e9pondre honn\u00eatement, de vous \u00e0 vous m\u00eame, \u00e0 cette question.\u00a0 Aujourd\u2019hui je vous parle de la balance car c\u2019est une source d\u2019interrogations pour les patients-es qui entrent dans mon cabinet depuis le\u00a0 mois de f\u00e9vrier. Nous allons voir ensemble comment se d\u00e9tacher du poids sur la balance. Vous comprendrais alors que rester attacher \u00e0 ce chiffre vous \u00e9loigne toujours plus de vos objectifs.\u00a0 Une di\u00e9t\u00e9ticienne sans balance, est-ce vraiment une di\u00e9t\u00e9ticienne?\u00a0 Dans mon approche, quelles que soient vos intentions, votre poids n\u2019est pas l\u2019indicateur qui d\u00e9termine l\u2019orientation de l\u2019accompagnement que je vous propose. C\u2019est pourquoi je n\u2019ai pas de balance dans mon cabinet. Ainsi, je ne calcule pas votre IMC. Cet Indice de Masse Corporel qui positionne le poids dans diff\u00e9rentes cat\u00e9gories : maigreur, normalit\u00e9, surpoids et ob\u00e9sit\u00e9 avec diff\u00e9rents niveaux pour l\u2019ob\u00e9sit\u00e9.\u00a0 Quel que soit votre poids, je vous accueille avec votre histoire et vos difficult\u00e9s en lien avec votre poids et votre rapport au corps et \u00e0 l\u2019alimentation.\u00a0 Un poids, un chiffre, une norme r\u00e9ductrice Ma conviction profonde est qu\u2019un probl\u00e8me de poids n\u2019est pas d\u00e9pendant du chiffre qui s\u2019affiche sur votre balance. Et encore moins de l\u2019IMC.\u00a0 Ce serait stigmatiser le poids et normer la souffrance. Il serait alors normal de se sentir mal dans son corps avec un IMC en zone de surpoids et anormal de ressentir le m\u00eame mal \u00eatre si votre IMC est dit normal.\u00a0 Et inversement, il serait anormal de se sentir bien dans son corps avec un IMC dit en surpoids.\u00a0 Il est \u00e0 mon sens impossible de d\u00e9terminer si l\u2019on se sent bien ou mal dans son corps uniquement en regardant un chiffre sur une balance. C\u2019est extr\u00eamement r\u00e9ducteur. Qu\u2019en pensez-vous?\u00a0 \u00a0 Influence de la balance sur l\u2019estime de soi Je me souviens tr\u00e8s bien d\u2019une cliente que j\u2019ai accompagn\u00e9e au d\u00e9but de mon activit\u00e9 lib\u00e9rale en ligne. Elle avait \u00e9volu\u00e9 sur diff\u00e9rents niveaux : elle \u00e9tait plus attentive \u00e0 respecter ses sensations alimentaires, mangeait moins pour combler son ennui ou apaiser son stress. Et avait repris r\u00e9guli\u00e8rement les activit\u00e9s physiques qui lui faisaient du bien. Elle \u00e9tait fi\u00e8re d\u2019elle et se sentait bien mieux dans son corps et dans son rapport \u00e0 la nourriture. Et puis un jour, elle monte sur la balance. Son poids n\u2019a pas boug\u00e9. Elle me laisse un message, totalement d\u00e9sesp\u00e9r\u00e9e par ce r\u00e9sultat. Se sentant nulle et avec ce sentiment que ses efforts ne servent \u00e0 rien. Un sentiment d\u2019\u00e9chec.\u00a0 Que pensez-vous de cette histoire? Est-ce qu\u2019elle vous rappelle votre histoire? Qu\u2019est-ce qui est le plus important pour vous : vous sentir bien dans votre corps et avoir une relation apais\u00e9e \u00e0 votre alimentation ou atteindre un objectif chiffr\u00e9 sur la balance?\u00a0 Le poids sur la balance influence votre \u00e9tat \u00e9motionnel et votre comportement alimentaire Quand vous perdez du poids, vous \u00eates alors fi\u00e8re de vous. Vous avez r\u00e9ussi.\u00a0Au niveau \u00e9motionnel, vous pouvez ressentir de la joie, de la satisfaction, de la confiance.\u00a0 Ces ressentis, ces \u00e9motions peuvent alors influencer votre comportement alimentaire. Vous pouvez avoir recours \u00e0 une nourriture \u201cr\u00e9compense\u201d pour vous r\u00e9compenser de l\u2019atteinte de vos objectifs. Il est \u00e9galement possible que vous tombiez dans l\u2019exc\u00e8s alimentaire en compensation des efforts fournis. Ces exc\u00e8s favorisent la culpabilit\u00e9. Cette culpabilit\u00e9 peut vous amener \u00e0 manger encore plus pour \u00eatre apais\u00e9e ou \u00e9touff\u00e9e.\u00a0 Si votre poids sur la balance ne change pas ou augmente. Vous pouvez ressentir de la honte, de la culpabilit\u00e9, vous sentir d\u00e9moralis\u00e9e, nulle, incapable de r\u00e9ussir et sans volont\u00e9 aucune.\u00a0 Ces ressentis et \u00e9motions peuvent vous amener \u00e0 manger pour vous punir de ne pas avoir r\u00e9ussi \u00e0 maigrir. La nourriture peut aussi \u00eatre l\u00e0 pour \u00e9touffer ou apaiser vos \u00e9motions et vous convaincre que de toute fa\u00e7on vous n&#8217;arriverez jamais \u00e0 maigrir et \u00e0 vous sentir bien dans votre peau.\u00a0 C\u2019est un cercle vicieux qui vous conduit inlassablement \u00e0 l\u2019insatisfaction de vous-m\u00eame.\u00a0 Le poids sur la balance entretient le conflit avec votre\u00a0 poids et votre alimentation La balance maintient dans le contr\u00f4le du corps et de l\u2019alimentation. Elle favorise une relation au corps et \u00e0 l&#8217;alimentation conflictuelle. Pourquoi tant de personnes contr\u00f4lent leur alimentation? Pourquoi, si c\u2019est votre cas, contr\u00f4lez- vous, surveillez- vous, faites- vous attention \u00e0 votre alimentation?\u00a0 Pour contr\u00f4ler son corps. Si personne ne souhaitait\u00a0 contr\u00f4ler son corps et par extension son poids. Personne ne contr\u00f4lerait son alimentation. Chacun serait \u00e0 l\u2019\u00e9coute de ses besoins et respecterait son corps dans son enti\u00e8ret\u00e9.\u00a0 Cette recherche de contr\u00f4le de son corps et de son l\u2019alimentation cache une relation conflictuelle avec son corps. Et c&#8217;est en am\u00e9liorant la relation que l&#8217;on a avec son corps, que l&#8217;on arrive pas \u00e0 pas \u00e0 apaiser sa relation \u00e0 la nourriture. Il est alors possible de retrouver naturellement son poids d&#8217;\u00e9quilibre. Et de maintenir ce poids durablement, en \u00e9vitant de faire souffrir votre corps de l&#8217;effet yoyo.\u00a0 Se d\u00e9tacher du poids sur la balance : les b\u00e9n\u00e9fices Avant de vous donner des pistes pour vous d\u00e9tacher du poids sur la balance. Voici un r\u00e9capitulatif des b\u00e9n\u00e9fices de &#8220;balancer sa balance!&#8221; : Invite \u00e0 porter son attention sur l&#8217;ensemble de ses \u00e9volutions : meilleure \u00e9nergie, am\u00e9lioration du sommeil, silhouette plus tonique&#8230; En valorisant les r\u00e9sultats de vos changements de comportements vous am\u00e9liorez votre estime de vous- m\u00eame et votre confiance en vous. Facilite la progression vers votre poids d&#8217;\u00e9quilibre. Ce poids qui vous ai propre et qui ne vous permet de manger librement sans restrictions, ni frustrations. C&#8217;est un poids qui vous permet de retrouver votre unicit\u00e9 et d&#8217;arr\u00eater de vouloir rentrer dans des cases fix\u00e9es par la soci\u00e9t\u00e9. Favorise un \u00e9tat \u00e9motionnel plus stable en \u00e9vitant les \u00e9motions g\u00e9n\u00e9r\u00e9es par la pes\u00e9e. Peu ainsi am\u00e9liorer le comportement alimentation et limiter les envies de manger \u00e9motionnelles. Aide \u00e0 sortir du cercle vicieux des r\u00e9gimes et des effets yoyo qui vous font grossir au fil des ann\u00e9es. Comment se d\u00e9tacher du poids sur la balance?\u00a0 Diminuez\u00a0<\/p>\n","protected":false},"author":1,"featured_media":3139,"comment_status":"open","ping_status":"open","sticky":false,"template":"","format":"standard","meta":{"ocean_post_layout":"","ocean_both_sidebars_style":"","ocean_both_sidebars_content_width":0,"ocean_both_sidebars_sidebars_width":0,"ocean_sidebar":"0","ocean_second_sidebar":"0","ocean_disable_margins":"enable","ocean_add_body_class":"","ocean_shortcode_before_top_bar":"","ocean_shortcode_after_top_bar":"","ocean_shortcode_before_header":"","ocean_shortcode_after_header":"","ocean_has_shortcode":"","ocean_shortcode_after_title":"","ocean_shortcode_before_footer_widgets":"","ocean_shortcode_after_footer_widgets":"","ocean_shortcode_before_footer_bottom":"","ocean_shortcode_after_footer_bottom":"","ocean_display_top_bar":"default","ocean_display_header":"default","ocean_header_style":"","ocean_center_header_left_menu":"0","ocean_custom_header_template":"0","ocean_custom_logo":0,"ocean_custom_retina_logo":0,"ocean_custom_logo_max_width":0,"ocean_custom_logo_tablet_max_width":0,"ocean_custom_logo_mobile_max_width":0,"ocean_custom_logo_max_height":0,"ocean_custom_logo_tablet_max_height":0,"ocean_custom_logo_mobile_max_height":0,"ocean_header_custom_menu":"0","ocean_menu_typo_font_family":"0","ocean_menu_typo_font_subset":"","ocean_menu_typo_font_size":0,"ocean_menu_typo_font_size_tablet":0,"ocean_menu_typo_font_size_mobile":0,"ocean_menu_typo_font_size_unit":"px","ocean_menu_typo_font_weight":"","ocean_menu_typo_font_weight_tablet":"","ocean_menu_typo_font_weight_mobile":"","ocean_menu_typo_transform":"","ocean_menu_typo_transform_tablet":"","ocean_menu_typo_transform_mobile":"","ocean_menu_typo_line_height":0,"ocean_menu_typo_line_height_tablet":0,"ocean_menu_typo_line_height_mobile":0,"ocean_menu_typo_line_height_unit":"","ocean_menu_typo_spacing":0,"ocean_menu_typo_spacing_tablet":0,"ocean_menu_typo_spacing_mobile":0,"ocean_menu_typo_spacing_unit":"","ocean_menu_link_color":"","ocean_menu_link_color_hover":"","ocean_menu_link_color_active":"","ocean_menu_link_background":"","ocean_menu_link_hover_background":"","ocean_menu_link_active_background":"","ocean_menu_social_links_bg":"","ocean_menu_social_hover_links_bg":"","ocean_menu_social_links_color":"","ocean_menu_social_hover_links_color":"","ocean_disable_title":"default","ocean_disable_heading":"default","ocean_post_title":"","ocean_post_subheading":"","ocean_post_title_style":"","ocean_post_title_background_color":"","ocean_post_title_background":0,"ocean_post_title_bg_image_position":"","ocean_post_title_bg_image_attachment":"","ocean_post_title_bg_image_repeat":"","ocean_post_title_bg_image_size":"","ocean_post_title_height":0,"ocean_post_title_bg_overlay":0.5,"ocean_post_title_bg_overlay_color":"","ocean_disable_breadcrumbs":"default","ocean_breadcrumbs_color":"","ocean_breadcrumbs_separator_color":"","ocean_breadcrumbs_links_color":"","ocean_breadcrumbs_links_hover_color":"","ocean_display_footer_widgets":"default","ocean_display_footer_bottom":"default","ocean_custom_footer_template":"0","footnotes":"","ocean_post_oembed":"","ocean_post_self_hosted_media":"","ocean_post_video_embed":"","ocean_link_format":"","ocean_link_format_target":"self","ocean_quote_format":"","ocean_quote_format_link":"post","ocean_gallery_link_images":"off","ocean_gallery_id":[]},"categories":[1],"tags":[],"yoast_head":"<!-- This site is optimized with the Yoast SEO plugin v23.5 - https:\/\/yoast.com\/wordpress\/plugins\/seo\/ -->\n<title>Poids sur la balance - Psychodi\u00e9t\u00e9tique.fr<\/title>\n<meta name=\"description\" content=\"Comment se d\u00e9tacher du poids sur la balance? Comment maigrir naturellement sans que le poids ne devienne une obsession?\" \/>\n<meta name=\"robots\" content=\"index, follow, max-snippet:-1, max-image-preview:large, max-video-preview:-1\" \/>\n<link rel=\"canonical\" href=\"https:\/\/psychodietetique.fr\/index.php\/2023\/02\/26\/poids-sur-la-balance\/\" \/>\n<meta property=\"og:locale\" content=\"en_US\" \/>\n<meta property=\"og:type\" content=\"article\" \/>\n<meta property=\"og:title\" content=\"Poids sur la balance - Psychodi\u00e9t\u00e9tique.fr\" \/>\n<meta property=\"og:description\" content=\"Comment se d\u00e9tacher du poids sur la balance? Comment maigrir naturellement sans que le poids ne devienne une obsession?\" \/>\n<meta property=\"og:url\" content=\"https:\/\/psychodietetique.fr\/index.php\/2023\/02\/26\/poids-sur-la-balance\/\" \/>\n<meta property=\"og:site_name\" content=\"Psychodi\u00e9t\u00e9tique.fr\" \/>\n<meta property=\"article:published_time\" content=\"2023-02-26T16:33:09+00:00\" \/>\n<meta property=\"article:modified_time\" content=\"2023-09-06T08:34:11+00:00\" \/>\n<meta property=\"og:image\" content=\"https:\/\/psychodietetique.fr\/wp-content\/uploads\/2023\/08\/5.jpg\" \/>\n\t<meta property=\"og:image:width\" content=\"2240\" \/>\n\t<meta property=\"og:image:height\" content=\"1260\" \/>\n\t<meta property=\"og:image:type\" content=\"image\/jpeg\" \/>\n<meta name=\"author\" content=\"Amandine Perrichon\" \/>\n<meta name=\"twitter:card\" content=\"summary_large_image\" \/>\n<meta name=\"twitter:label1\" content=\"Written by\" \/>\n\t<meta name=\"twitter:data1\" content=\"Amandine Perrichon\" \/>\n\t<meta name=\"twitter:label2\" content=\"Est. reading time\" \/>\n\t<meta name=\"twitter:data2\" content=\"6 minutes\" \/>\n<script type=\"application\/ld+json\" class=\"yoast-schema-graph\">{\"@context\":\"https:\/\/schema.org\",\"@graph\":[{\"@type\":\"Article\",\"@id\":\"https:\/\/psychodietetique.fr\/index.php\/2023\/02\/26\/poids-sur-la-balance\/#article\",\"isPartOf\":{\"@id\":\"https:\/\/psychodietetique.fr\/index.php\/2023\/02\/26\/poids-sur-la-balance\/\"},\"author\":{\"name\":\"Amandine Perrichon\",\"@id\":\"https:\/\/psychodietetique.fr\/#\/schema\/person\/648958742ec8002e41a8b8e14edb9a13\"},\"headline\":\"Se d\u00e9tacher du poids sur la balance\",\"datePublished\":\"2023-02-26T16:33:09+00:00\",\"dateModified\":\"2023-09-06T08:34:11+00:00\",\"mainEntityOfPage\":{\"@id\":\"https:\/\/psychodietetique.fr\/index.php\/2023\/02\/26\/poids-sur-la-balance\/\"},\"wordCount\":1279,\"commentCount\":0,\"publisher\":{\"@id\":\"https:\/\/psychodietetique.fr\/#organization\"},\"image\":{\"@id\":\"https:\/\/psychodietetique.fr\/index.php\/2023\/02\/26\/poids-sur-la-balance\/#primaryimage\"},\"thumbnailUrl\":\"https:\/\/psychodietetique.fr\/wp-content\/uploads\/2023\/08\/5.jpg\",\"articleSection\":[\"Blog\"],\"inLanguage\":\"en-US\",\"potentialAction\":[{\"@type\":\"CommentAction\",\"name\":\"Comment\",\"target\":[\"https:\/\/psychodietetique.fr\/index.php\/2023\/02\/26\/poids-sur-la-balance\/#respond\"]}]},{\"@type\":\"WebPage\",\"@id\":\"https:\/\/psychodietetique.fr\/index.php\/2023\/02\/26\/poids-sur-la-balance\/\",\"url\":\"https:\/\/psychodietetique.fr\/index.php\/2023\/02\/26\/poids-sur-la-balance\/\",\"name\":\"Poids sur la balance - Psychodi\u00e9t\u00e9tique.fr\",\"isPartOf\":{\"@id\":\"https:\/\/psychodietetique.fr\/#website\"},\"primaryImageOfPage\":{\"@id\":\"https:\/\/psychodietetique.fr\/index.php\/2023\/02\/26\/poids-sur-la-balance\/#primaryimage\"},\"image\":{\"@id\":\"https:\/\/psychodietetique.fr\/index.php\/2023\/02\/26\/poids-sur-la-balance\/#primaryimage\"},\"thumbnailUrl\":\"https:\/\/psychodietetique.fr\/wp-content\/uploads\/2023\/08\/5.jpg\",\"datePublished\":\"2023-02-26T16:33:09+00:00\",\"dateModified\":\"2023-09-06T08:34:11+00:00\",\"description\":\"Comment se d\u00e9tacher du poids sur la balance? Comment maigrir naturellement sans que le poids ne devienne une obsession?\",\"breadcrumb\":{\"@id\":\"https:\/\/psychodietetique.fr\/index.php\/2023\/02\/26\/poids-sur-la-balance\/#breadcrumb\"},\"inLanguage\":\"en-US\",\"potentialAction\":[{\"@type\":\"ReadAction\",\"target\":[\"https:\/\/psychodietetique.fr\/index.php\/2023\/02\/26\/poids-sur-la-balance\/\"]}]},{\"@type\":\"ImageObject\",\"inLanguage\":\"en-US\",\"@id\":\"https:\/\/psychodietetique.fr\/index.php\/2023\/02\/26\/poids-sur-la-balance\/#primaryimage\",\"url\":\"https:\/\/psychodietetique.fr\/wp-content\/uploads\/2023\/08\/5.jpg\",\"contentUrl\":\"https:\/\/psychodietetique.fr\/wp-content\/uploads\/2023\/08\/5.jpg\",\"width\":2240,\"height\":1260,\"caption\":\"Se d\u00e9tacher du poids de la balance\"},{\"@type\":\"BreadcrumbList\",\"@id\":\"https:\/\/psychodietetique.fr\/index.php\/2023\/02\/26\/poids-sur-la-balance\/#breadcrumb\",\"itemListElement\":[{\"@type\":\"ListItem\",\"position\":1,\"name\":\"Accueil\",\"item\":\"https:\/\/psychodietetique.fr\/\"},{\"@type\":\"ListItem\",\"position\":2,\"name\":\"Se d\u00e9tacher du poids sur la balance\"}]},{\"@type\":\"WebSite\",\"@id\":\"https:\/\/psychodietetique.fr\/#website\",\"url\":\"https:\/\/psychodietetique.fr\/\",\"name\":\"Psychodi\u00e9t\u00e9tique.fr\",\"description\":\"Di\u00e9t\u00e9ticienne-Nutrionniste\",\"publisher\":{\"@id\":\"https:\/\/psychodietetique.fr\/#organization\"},\"potentialAction\":[{\"@type\":\"SearchAction\",\"target\":{\"@type\":\"EntryPoint\",\"urlTemplate\":\"https:\/\/psychodietetique.fr\/?s={search_term_string}\"},\"query-input\":{\"@type\":\"PropertyValueSpecification\",\"valueRequired\":true,\"valueName\":\"search_term_string\"}}],\"inLanguage\":\"en-US\"},{\"@type\":\"Organization\",\"@id\":\"https:\/\/psychodietetique.fr\/#organization\",\"name\":\"Psychodi\u00e9t\u00e9tique.fr\",\"url\":\"https:\/\/psychodietetique.fr\/\",\"logo\":{\"@type\":\"ImageObject\",\"inLanguage\":\"en-US\",\"@id\":\"https:\/\/psychodietetique.fr\/#\/schema\/logo\/image\/\",\"url\":\"https:\/\/psychodietetique.fr\/wp-content\/uploads\/2023\/08\/Logo-seul-transparent-1.png\",\"contentUrl\":\"https:\/\/psychodietetique.fr\/wp-content\/uploads\/2023\/08\/Logo-seul-transparent-1.png\",\"width\":1000,\"height\":1000,\"caption\":\"Psychodi\u00e9t\u00e9tique.fr\"},\"image\":{\"@id\":\"https:\/\/psychodietetique.fr\/#\/schema\/logo\/image\/\"}},{\"@type\":\"Person\",\"@id\":\"https:\/\/psychodietetique.fr\/#\/schema\/person\/648958742ec8002e41a8b8e14edb9a13\",\"name\":\"Amandine Perrichon\",\"image\":{\"@type\":\"ImageObject\",\"inLanguage\":\"en-US\",\"@id\":\"https:\/\/psychodietetique.fr\/#\/schema\/person\/image\/\",\"url\":\"https:\/\/secure.gravatar.com\/avatar\/ba3820ed1361954bf5c6314832ed8c9e?s=96&d=mm&r=g\",\"contentUrl\":\"https:\/\/secure.gravatar.com\/avatar\/ba3820ed1361954bf5c6314832ed8c9e?s=96&d=mm&r=g\",\"caption\":\"Amandine Perrichon\"},\"sameAs\":[\"https:\/\/psychodietetique.fr\"],\"url\":\"https:\/\/psychodietetique.fr\/index.php\/author\/ap_admin\/\"}]}<\/script>\n<!-- \/ Yoast SEO plugin. -->","yoast_head_json":{"title":"Poids sur la balance - Psychodi\u00e9t\u00e9tique.fr","description":"Comment se d\u00e9tacher du poids sur la balance? Comment maigrir naturellement sans que le poids ne devienne une obsession?","robots":{"index":"index","follow":"follow","max-snippet":"max-snippet:-1","max-image-preview":"max-image-preview:large","max-video-preview":"max-video-preview:-1"},"canonical":"https:\/\/psychodietetique.fr\/index.php\/2023\/02\/26\/poids-sur-la-balance\/","og_locale":"en_US","og_type":"article","og_title":"Poids sur la balance - Psychodi\u00e9t\u00e9tique.fr","og_description":"Comment se d\u00e9tacher du poids sur la balance? Comment maigrir naturellement sans que le poids ne devienne une obsession?","og_url":"https:\/\/psychodietetique.fr\/index.php\/2023\/02\/26\/poids-sur-la-balance\/","og_site_name":"Psychodi\u00e9t\u00e9tique.fr","article_published_time":"2023-02-26T16:33:09+00:00","article_modified_time":"2023-09-06T08:34:11+00:00","og_image":[{"width":2240,"height":1260,"url":"https:\/\/psychodietetique.fr\/wp-content\/uploads\/2023\/08\/5.jpg","type":"image\/jpeg"}],"author":"Amandine Perrichon","twitter_card":"summary_large_image","twitter_misc":{"Written by":"Amandine Perrichon","Est. reading time":"6 minutes"},"schema":{"@context":"https:\/\/schema.org","@graph":[{"@type":"Article","@id":"https:\/\/psychodietetique.fr\/index.php\/2023\/02\/26\/poids-sur-la-balance\/#article","isPartOf":{"@id":"https:\/\/psychodietetique.fr\/index.php\/2023\/02\/26\/poids-sur-la-balance\/"},"author":{"name":"Amandine Perrichon","@id":"https:\/\/psychodietetique.fr\/#\/schema\/person\/648958742ec8002e41a8b8e14edb9a13"},"headline":"Se d\u00e9tacher du poids sur la balance","datePublished":"2023-02-26T16:33:09+00:00","dateModified":"2023-09-06T08:34:11+00:00","mainEntityOfPage":{"@id":"https:\/\/psychodietetique.fr\/index.php\/2023\/02\/26\/poids-sur-la-balance\/"},"wordCount":1279,"commentCount":0,"publisher":{"@id":"https:\/\/psychodietetique.fr\/#organization"},"image":{"@id":"https:\/\/psychodietetique.fr\/index.php\/2023\/02\/26\/poids-sur-la-balance\/#primaryimage"},"thumbnailUrl":"https:\/\/psychodietetique.fr\/wp-content\/uploads\/2023\/08\/5.jpg","articleSection":["Blog"],"inLanguage":"en-US","potentialAction":[{"@type":"CommentAction","name":"Comment","target":["https:\/\/psychodietetique.fr\/index.php\/2023\/02\/26\/poids-sur-la-balance\/#respond"]}]},{"@type":"WebPage","@id":"https:\/\/psychodietetique.fr\/index.php\/2023\/02\/26\/poids-sur-la-balance\/","url":"https:\/\/psychodietetique.fr\/index.php\/2023\/02\/26\/poids-sur-la-balance\/","name":"Poids sur la balance - Psychodi\u00e9t\u00e9tique.fr","isPartOf":{"@id":"https:\/\/psychodietetique.fr\/#website"},"primaryImageOfPage":{"@id":"https:\/\/psychodietetique.fr\/index.php\/2023\/02\/26\/poids-sur-la-balance\/#primaryimage"},"image":{"@id":"https:\/\/psychodietetique.fr\/index.php\/2023\/02\/26\/poids-sur-la-balance\/#primaryimage"},"thumbnailUrl":"https:\/\/psychodietetique.fr\/wp-content\/uploads\/2023\/08\/5.jpg","datePublished":"2023-02-26T16:33:09+00:00","dateModified":"2023-09-06T08:34:11+00:00","description":"Comment se d\u00e9tacher du poids sur la balance? Comment maigrir naturellement sans que le poids ne devienne une obsession?","breadcrumb":{"@id":"https:\/\/psychodietetique.fr\/index.php\/2023\/02\/26\/poids-sur-la-balance\/#breadcrumb"},"inLanguage":"en-US","potentialAction":[{"@type":"ReadAction","target":["https:\/\/psychodietetique.fr\/index.php\/2023\/02\/26\/poids-sur-la-balance\/"]}]},{"@type":"ImageObject","inLanguage":"en-US","@id":"https:\/\/psychodietetique.fr\/index.php\/2023\/02\/26\/poids-sur-la-balance\/#primaryimage","url":"https:\/\/psychodietetique.fr\/wp-content\/uploads\/2023\/08\/5.jpg","contentUrl":"https:\/\/psychodietetique.fr\/wp-content\/uploads\/2023\/08\/5.jpg","width":2240,"height":1260,"caption":"Se d\u00e9tacher du poids de la balance"},{"@type":"BreadcrumbList","@id":"https:\/\/psychodietetique.fr\/index.php\/2023\/02\/26\/poids-sur-la-balance\/#breadcrumb","itemListElement":[{"@type":"ListItem","position":1,"name":"Accueil","item":"https:\/\/psychodietetique.fr\/"},{"@type":"ListItem","position":2,"name":"Se d\u00e9tacher du poids sur la balance"}]},{"@type":"WebSite","@id":"https:\/\/psychodietetique.fr\/#website","url":"https:\/\/psychodietetique.fr\/","name":"Psychodi\u00e9t\u00e9tique.fr","description":"Di\u00e9t\u00e9ticienne-Nutrionniste","publisher":{"@id":"https:\/\/psychodietetique.fr\/#organization"},"potentialAction":[{"@type":"SearchAction","target":{"@type":"EntryPoint","urlTemplate":"https:\/\/psychodietetique.fr\/?s={search_term_string}"},"query-input":{"@type":"PropertyValueSpecification","valueRequired":true,"valueName":"search_term_string"}}],"inLanguage":"en-US"},{"@type":"Organization","@id":"https:\/\/psychodietetique.fr\/#organization","name":"Psychodi\u00e9t\u00e9tique.fr","url":"https:\/\/psychodietetique.fr\/","logo":{"@type":"ImageObject","inLanguage":"en-US","@id":"https:\/\/psychodietetique.fr\/#\/schema\/logo\/image\/","url":"https:\/\/psychodietetique.fr\/wp-content\/uploads\/2023\/08\/Logo-seul-transparent-1.png","contentUrl":"https:\/\/psychodietetique.fr\/wp-content\/uploads\/2023\/08\/Logo-seul-transparent-1.png","width":1000,"height":1000,"caption":"Psychodi\u00e9t\u00e9tique.fr"},"image":{"@id":"https:\/\/psychodietetique.fr\/#\/schema\/logo\/image\/"}},{"@type":"Person","@id":"https:\/\/psychodietetique.fr\/#\/schema\/person\/648958742ec8002e41a8b8e14edb9a13","name":"Amandine Perrichon","image":{"@type":"ImageObject","inLanguage":"en-US","@id":"https:\/\/psychodietetique.fr\/#\/schema\/person\/image\/","url":"https:\/\/secure.gravatar.com\/avatar\/ba3820ed1361954bf5c6314832ed8c9e?s=96&d=mm&r=g","contentUrl":"https:\/\/secure.gravatar.com\/avatar\/ba3820ed1361954bf5c6314832ed8c9e?s=96&d=mm&r=g","caption":"Amandine Perrichon"},"sameAs":["https:\/\/psychodietetique.fr"],"url":"https:\/\/psychodietetique.fr\/index.php\/author\/ap_admin\/"}]}},"jetpack_featured_media_url":"https:\/\/psychodietetique.fr\/wp-content\/uploads\/2023\/08\/5.jpg","_links":{"self":[{"href":"https:\/\/psychodietetique.fr\/index.php\/wp-json\/wp\/v2\/posts\/2264"}],"collection":[{"href":"https:\/\/psychodietetique.fr\/index.php\/wp-json\/wp\/v2\/posts"}],"about":[{"href":"https:\/\/psychodietetique.fr\/index.php\/wp-json\/wp\/v2\/types\/post"}],"author":[{"embeddable":true,"href":"https:\/\/psychodietetique.fr\/index.php\/wp-json\/wp\/v2\/users\/1"}],"replies":[{"embeddable":true,"href":"https:\/\/psychodietetique.fr\/index.php\/wp-json\/wp\/v2\/comments?post=2264"}],"version-history":[{"count":13,"href":"https:\/\/psychodietetique.fr\/index.php\/wp-json\/wp\/v2\/posts\/2264\/revisions"}],"predecessor-version":[{"id":3996,"href":"https:\/\/psychodietetique.fr\/index.php\/wp-json\/wp\/v2\/posts\/2264\/revisions\/3996"}],"wp:featuredmedia":[{"embeddable":true,"href":"https:\/\/psychodietetique.fr\/index.php\/wp-json\/wp\/v2\/media\/3139"}],"wp:attachment":[{"href":"https:\/\/psychodietetique.fr\/index.php\/wp-json\/wp\/v2\/media?parent=2264"}],"wp:term":[{"taxonomy":"category","embeddable":true,"href":"https:\/\/psychodietetique.fr\/index.php\/wp-json\/wp\/v2\/categories?post=2264"},{"taxonomy":"post_tag","embeddable":true,"href":"https:\/\/psychodietetique.fr\/index.php\/wp-json\/wp\/v2\/tags?post=2264"}],"curies":[{"name":"wp","href":"https:\/\/api.w.org\/{rel}","templated":true}]}}