{"id":3031,"date":"2023-06-15T09:57:50","date_gmt":"2023-06-15T09:57:50","guid":{"rendered":"https:\/\/amandine-perrichon.org\/?p=3031"},"modified":"2023-12-15T16:38:59","modified_gmt":"2023-12-15T15:38:59","slug":"anxiete-et-tca","status":"publish","type":"post","link":"https:\/\/psychodietetique.fr\/index.php\/2023\/06\/15\/anxiete-et-tca\/","title":{"rendered":"Anxi\u00e9t\u00e9 et TCA"},"content":{"rendered":"\t\t<div data-elementor-type=\"wp-post\" data-elementor-id=\"3031\" class=\"elementor elementor-3031\">\n\t\t\t\t\t\t<section class=\"elementor-section elementor-top-section elementor-element elementor-element-7cd780a4 elementor-section-boxed elementor-section-height-default elementor-section-height-default wpr-particle-no wpr-jarallax-no wpr-parallax-no wpr-sticky-section-no wpr-equal-height-no\" data-id=\"7cd780a4\" data-element_type=\"section\">\n\t\t\t\t\t\t<div class=\"elementor-container elementor-column-gap-default\">\n\t\t\t\t\t<div class=\"elementor-column elementor-col-100 elementor-top-column elementor-element elementor-element-3b61e9ee\" data-id=\"3b61e9ee\" data-element_type=\"column\">\n\t\t\t<div class=\"elementor-widget-wrap elementor-element-populated\">\n\t\t\t\t\t\t<div class=\"elementor-element elementor-element-2a0e57b elementor-widget elementor-widget-image\" data-id=\"2a0e57b\" data-element_type=\"widget\" data-widget_type=\"image.default\">\n\t\t\t\t<div class=\"elementor-widget-container\">\n\t\t\t\t\t\t\t\t\t\t\t\t\t\t\t<img fetchpriority=\"high\" decoding=\"async\" width=\"1024\" height=\"576\" src=\"https:\/\/psychodietetique.fr\/wp-content\/uploads\/2023\/08\/La-place-de-lanxiete-dans-les-TCA-1024x576.jpg\" class=\"attachment-large size-large wp-image-3185\" alt=\"La place de l&#039;anxi\u00e9t\u00e9 dans les TCA\" srcset=\"https:\/\/psychodietetique.fr\/wp-content\/uploads\/2023\/08\/La-place-de-lanxiete-dans-les-TCA-1024x576.jpg 1024w, https:\/\/psychodietetique.fr\/wp-content\/uploads\/2023\/08\/La-place-de-lanxiete-dans-les-TCA-300x169.jpg 300w, https:\/\/psychodietetique.fr\/wp-content\/uploads\/2023\/08\/La-place-de-lanxiete-dans-les-TCA-768x432.jpg 768w, https:\/\/psychodietetique.fr\/wp-content\/uploads\/2023\/08\/La-place-de-lanxiete-dans-les-TCA-1536x864.jpg 1536w, https:\/\/psychodietetique.fr\/wp-content\/uploads\/2023\/08\/La-place-de-lanxiete-dans-les-TCA-2048x1152.jpg 2048w, https:\/\/psychodietetique.fr\/wp-content\/uploads\/2023\/08\/La-place-de-lanxiete-dans-les-TCA-800x450.jpg 800w\" sizes=\"(max-width: 1024px) 100vw, 1024px\" \/>\t\t\t\t\t\t\t\t\t\t\t\t\t\t\t<\/div>\n\t\t\t\t<\/div>\n\t\t\t\t<div class=\"elementor-element elementor-element-13c6b250 elementor-widget elementor-widget-text-editor\" data-id=\"13c6b250\" data-element_type=\"widget\" data-widget_type=\"text-editor.default\">\n\t\t\t\t<div class=\"elementor-widget-container\">\n\t\t\t\t\t\t\t\t\t<h2>La<strong> place de l\u2019anxi\u00e9t\u00e9 dans les TCA<\/strong><\/h2><p>Aujourd\u2019hui nous allons aborder le sujet des<span style=\"color: #800080;\"><a style=\"color: #800080;\" href=\"https:\/\/psychodietetique.fr\/index.php\/2023\/07\/31\/troubles-des-conduites-alimentaires\/\"><strong> TCA<\/strong> (Troubles des Conduites Alimentaires)<\/a><\/span> et tout particuli\u00e8rement de la place de l\u2019<strong>anxi\u00e9t\u00e9<\/strong> dans l\u2019<strong>Hyperphagie Boulimique<\/strong> et la <strong>Boulimie<\/strong>.\u00a0<\/p><p>Des articles suivront afin d\u2019identifier plus pr\u00e9cis\u00e9ment ce que sont l\u2019Hyperphagie Boulimique et la Boulimie. Ces <strong>Troubles des Conduites Alimentaires<\/strong> sont de plus en plus fr\u00e9quents.\u00a0<\/p><p>Dans le cadre d\u2019un suivi personnalis\u00e9, j\u2019accompagne les personnes souffrant de Troubles des Conduites Alimentaires \u00e0 <strong>apaiser leur relation au corps et \u00e0 l\u2019alimentation<\/strong>. Et ce que j\u2019observe c\u2019est que l\u2019anxi\u00e9t\u00e9 est un facteur commun aux personnes souffrant de TCA.\u00a0<\/p><h2><strong>L\u2019envahissement par l&#8217;anxi\u00e9t\u00e9 dans les Troubles des Conduites Alimentaires<\/strong><\/h2><p>Le c\u0153ur qui bat plus vite, la respiration qui s\u2019acc\u00e9l\u00e8re et dans la t\u00eate des pens\u00e9es qui tournent en boucle comme un <strong>mauvais sc\u00e9nario<\/strong>.\u00a0<\/p><blockquote><p>\u201cJe ne vais pas y arriver\u201d, \u201cje suis nulle\u201d. \u201cje ne suis capable de rien\u201d, \u201c\u00e7a va \u00eatre la catastrophe\u201d, \u201c\u00e7a va mal se passer, c\u2019est certain.\u201d\u00a0<\/p><\/blockquote><p>Il devient difficile de r\u00e9fl\u00e9chir clairement, de trouver des solutions, on se sent fig\u00e9, impuissant. On s\u2019\u00e9parpille, on s\u2019agite. Et l\u00e0 cette <strong>envie de manger<\/strong>, cette envie de se remplir, de soulager ce<strong> mal-\u00eatre qui nous submerge<\/strong>.\u00a0 Cette envie imp\u00e9rieuse de se mettre en mouvement en mangeant, en <strong>d\u00e9vorant<\/strong>, en <strong>engouffrant<\/strong>.\u00a0<\/p><p>Se cr\u00e9er une bulle, comme une pause dans cet espace temps qui nous d\u00e9passe. Pour mettre l\u2019<strong>anxi\u00e9t\u00e9<\/strong> de c\u00f4t\u00e9, pour<strong> l\u2019apaiser<\/strong>. Ce n&#8217;est, bien entendu, qu\u2019une illusion. L&#8217;anxi\u00e9t\u00e9 est toujours l\u00e0, tapie dans l\u2019ombre. Pr\u00eate \u00e0 ressurgir encore plus forte.\u00a0<\/p><h2><strong>L\u2019anxi\u00e9t\u00e9 dans le cercle vicieux de l&#8217;hyperphagie boulimique et de la\u00a0 boulimie<\/strong><\/h2><p>Prenons un exemple, une situation que vous avez peut-\u00eatre d\u00e9j\u00e0 rencontr\u00e9. J&#8217;emploie le &#8220;Je&#8221; ici pour que vous puissiez vous approprier plus facilement la situation.\u00a0<\/p><p>Situation de d\u00e9part :<\/p><p>Je travaille sur un projet professionnel. Tout ne se passe pas comme pr\u00e9vu. L&#8217;<strong>anxi\u00e9t\u00e9<\/strong> pointe le bout de son nez. <strong>&#8220;Suis- je capable de r\u00e9ussir et de mener ce projet jusqu&#8217;au bout?&#8221;\u00a0<\/strong><\/p><p>\u21aa\ufe0f L&#8217;anxi\u00e9t\u00e9 m&#8217;envahit, je sens la crise arriver.\u00a0\u00a0<\/p><p>\u21aa\ufe0f Je fais une<strong> &#8220;crise&#8221; d&#8217;hyperphagie\/ boulimie<\/strong>.<\/p><p>\u21aa\ufe0f L&#8217;anxi\u00e9t\u00e9 initiale diminue temporairement.\u00a0<\/p><p>\u21aa\ufe0f Mais elle ne dispara\u00eet pas. Et peut s&#8217;ajouter \u00e0 cette anxi\u00e9t\u00e9, la <strong>peur de grossir<\/strong> ou la peur du regard des autres s&#8217; ils d\u00e9couvraient mon trouble alimentaire.<\/p><p>\u21aa\ufe0f Anxi\u00e9t\u00e9 entretenue + culpabilit\u00e9.<\/p><p>\u21aa\ufe0f &#8220;En faisant ma crise, je n&#8217;ai pas avanc\u00e9 dans mon travail.<strong> Je ne suis pas capable de r\u00e9ussir.<\/strong><\/p><p>\u21aa\ufe0fL&#8217;\u00e9tat anxieux <strong>s&#8217;autoalimente.<\/strong><\/p><h2><strong>Liens entre TCA et anxi\u00e9t\u00e9<\/strong><\/h2><blockquote><p>Est-ce que l&#8217;anxi\u00e9t\u00e9 favorise l&#8217;hyperphagie\/ boulimie?\u00a0<\/p><p>Ou l&#8217;hyperphagie\/ boulimie favorise\u00a0l&#8217;anxi\u00e9t\u00e9 ?<\/p><\/blockquote><p>Les deux sont \u00e9troitement li\u00e9es et si \u00e0 l&#8217;origine du <strong>trouble des conduites alimentaires<\/strong>, un terrain anxieux peut exister, cette <strong>anxi\u00e9t\u00e9 va nourrir le cercle vicieux du TCA.<\/strong><\/p><p>Elle va favoriser la persistance du TCA ainsi que les rechutes dans un processus d&#8217;am\u00e9lioration du trouble.<\/p><blockquote><p>Etre anxieux c&#8217;est vivre dans l&#8217;anticipation permanente de comment on va se comporter dans telle ou telle situation de vie.<\/p><\/blockquote><p><strong>L&#8217;anxi\u00e9t\u00e9 est pr\u00e9dictive<\/strong>. On est anxieux de ce qu&#8217;il va se passer dans un \u00e9v\u00e9nement futur.<\/p><p>On se cr\u00e9e des <strong>sc\u00e9narios catastrophe<\/strong> que l&#8217;on se passe et repasse en boucle dans la t\u00eate pour au final constater que tout s&#8217;est plut\u00f4t bien pass\u00e9.<\/p><p>L&#8217;anxi\u00e9t\u00e9 pose la question : <strong>&#8220;Suis- je capable de &#8230;? &#8220;<\/strong><\/p><h2><strong>Dans le cadre de l&#8217;hyperphagie ou la boulimie, de quoi peut-on avoir peur?<\/strong><\/h2><p dir=\"ltr\">\u2733\ufe0f Pas de peur sp\u00e9cifique mais une <strong>anxi\u00e9t\u00e9 g\u00e9n\u00e9rale<\/strong>, une angoisse flottante ind\u00e9termin\u00e9e, une appr\u00e9hension de diverses situations de vie sans d\u00e9clencheur particulier.<\/p><p>\u2733\ufe0fPeur : de l&#8217;<strong>abandon<\/strong> et du <strong>rejet<\/strong>, de l\u2019<strong>\u00e9chec<\/strong> et d<strong>e ne pas \u00eatre \u00e0 la hauteur<\/strong>, de <strong>ne pas \u00eatre aim\u00e9<\/strong>. Mais aussi <strong>peur de grossir<\/strong>, de <strong>mal manger<\/strong>, de <strong>\u201ccraquer\u201d<\/strong> et de<strong> \u201cfaire une crise\u201d<\/strong>.\u00a0<\/p><p>\u27a1\ufe0f Pour aller plus loin sur le sujet de l\u2019anxi\u00e9t\u00e9, je vous conseille d\u2019\u00e9couter<em> l\u2019\u00e9pisode n\u00b0401 du podcast M\u00e9tamorphose avec le Dr Fr\u00e9d\u00e9ric Fanget : Comment combattre l\u2019anxi\u00e9t\u00e9?<\/em>\u00a0<\/p><p dir=\"ltr\"><a href=\"https:\/\/open.spotify.com\/episode\/42wagHnbnsw3yhPmODGPFR?si=7432e7e70c8b42af\">https:\/\/open.spotify.com\/episode\/42wagHnbnsw3yhPmODGPFR?si=7432e7e70c8b42af<\/a><\/p><p>\u2753<strong>Faites- vous des liens entre votre anxi\u00e9t\u00e9 et votre trouble alimentaire?\u00a0<\/strong><\/p><p>Pour r\u00e9duire l&#8217;<strong>anxi\u00e9t\u00e9 alimentaire<\/strong>, un parcours en alimentation intuitive peut vous aider :\u00a0<a href=\"https:\/\/amandine-perrichon.org\/alimentation-intuitive\/\">https:\/\/amandine-perrichon.org\/alimentation-intuitive\/<\/a><\/p><p dir=\"ltr\">Pour en savoir plus sur un accompagnement personnalis\u00e9 :\u00a0<span style=\"color: #0000ff;\"> <a style=\"color: #0000ff;\" href=\"https:\/\/psychodietetique.fr\/index.php\/tca-vaucluse\/\">Accompagnement des TCA<\/a><\/span><\/p>\t\t\t\t\t\t\t\t<\/div>\n\t\t\t\t<\/div>\n\t\t\t\t\t<\/div>\n\t\t<\/div>\n\t\t\t\t\t<\/div>\n\t\t<\/section>\n\t\t\t\t<\/div>\n\t\t","protected":false},"excerpt":{"rendered":"<p>La place de l\u2019anxi\u00e9t\u00e9 dans les TCA Aujourd\u2019hui nous allons aborder le sujet des TCA (Troubles des Conduites Alimentaires) et tout particuli\u00e8rement de la place de l\u2019anxi\u00e9t\u00e9 dans l\u2019Hyperphagie Boulimique et la Boulimie.\u00a0 Des articles suivront afin d\u2019identifier plus pr\u00e9cis\u00e9ment ce que sont l\u2019Hyperphagie Boulimique et la Boulimie. Ces Troubles des Conduites Alimentaires sont de plus en plus fr\u00e9quents.\u00a0 Dans le cadre d\u2019un suivi personnalis\u00e9, j\u2019accompagne les personnes souffrant de Troubles des Conduites Alimentaires \u00e0 apaiser leur relation au corps et \u00e0 l\u2019alimentation. Et ce que j\u2019observe c\u2019est que l\u2019anxi\u00e9t\u00e9 est un facteur commun aux personnes souffrant de TCA.\u00a0 L\u2019envahissement par l&#8217;anxi\u00e9t\u00e9 dans les Troubles des Conduites Alimentaires Le c\u0153ur qui bat plus vite, la respiration qui s\u2019acc\u00e9l\u00e8re et dans la t\u00eate des pens\u00e9es qui tournent en boucle comme un mauvais sc\u00e9nario.\u00a0 \u201cJe ne vais pas y arriver\u201d, \u201cje suis nulle\u201d. \u201cje ne suis capable de rien\u201d, \u201c\u00e7a va \u00eatre la catastrophe\u201d, \u201c\u00e7a va mal se passer, c\u2019est certain.\u201d\u00a0 Il devient difficile de r\u00e9fl\u00e9chir clairement, de trouver des solutions, on se sent fig\u00e9, impuissant. On s\u2019\u00e9parpille, on s\u2019agite. Et l\u00e0 cette envie de manger, cette envie de se remplir, de soulager ce mal-\u00eatre qui nous submerge.\u00a0 Cette envie imp\u00e9rieuse de se mettre en mouvement en mangeant, en d\u00e9vorant, en engouffrant.\u00a0 Se cr\u00e9er une bulle, comme une pause dans cet espace temps qui nous d\u00e9passe. Pour mettre l\u2019anxi\u00e9t\u00e9 de c\u00f4t\u00e9, pour l\u2019apaiser. Ce n&#8217;est, bien entendu, qu\u2019une illusion. L&#8217;anxi\u00e9t\u00e9 est toujours l\u00e0, tapie dans l\u2019ombre. Pr\u00eate \u00e0 ressurgir encore plus forte.\u00a0 L\u2019anxi\u00e9t\u00e9 dans le cercle vicieux de l&#8217;hyperphagie boulimique et de la\u00a0 boulimie Prenons un exemple, une situation que vous avez peut-\u00eatre d\u00e9j\u00e0 rencontr\u00e9. J&#8217;emploie le &#8220;Je&#8221; ici pour que vous puissiez vous approprier plus facilement la situation.\u00a0 Situation de d\u00e9part : Je travaille sur un projet professionnel. Tout ne se passe pas comme pr\u00e9vu. L&#8217;anxi\u00e9t\u00e9 pointe le bout de son nez. &#8220;Suis- je capable de r\u00e9ussir et de mener ce projet jusqu&#8217;au bout?&#8221;\u00a0 \u21aa\ufe0f L&#8217;anxi\u00e9t\u00e9 m&#8217;envahit, je sens la crise arriver.\u00a0\u00a0 \u21aa\ufe0f Je fais une &#8220;crise&#8221; d&#8217;hyperphagie\/ boulimie. \u21aa\ufe0f L&#8217;anxi\u00e9t\u00e9 initiale diminue temporairement.\u00a0 \u21aa\ufe0f Mais elle ne dispara\u00eet pas. Et peut s&#8217;ajouter \u00e0 cette anxi\u00e9t\u00e9, la peur de grossir ou la peur du regard des autres s&#8217; ils d\u00e9couvraient mon trouble alimentaire. \u21aa\ufe0f Anxi\u00e9t\u00e9 entretenue + culpabilit\u00e9. \u21aa\ufe0f &#8220;En faisant ma crise, je n&#8217;ai pas avanc\u00e9 dans mon travail. Je ne suis pas capable de r\u00e9ussir. \u21aa\ufe0fL&#8217;\u00e9tat anxieux s&#8217;autoalimente. Liens entre TCA et anxi\u00e9t\u00e9 Est-ce que l&#8217;anxi\u00e9t\u00e9 favorise l&#8217;hyperphagie\/ boulimie?\u00a0 Ou l&#8217;hyperphagie\/ boulimie favorise\u00a0l&#8217;anxi\u00e9t\u00e9 ? Les deux sont \u00e9troitement li\u00e9es et si \u00e0 l&#8217;origine du trouble des conduites alimentaires, un terrain anxieux peut exister, cette anxi\u00e9t\u00e9 va nourrir le cercle vicieux du TCA. Elle va favoriser la persistance du TCA ainsi que les rechutes dans un processus d&#8217;am\u00e9lioration du trouble. Etre anxieux c&#8217;est vivre dans l&#8217;anticipation permanente de comment on va se comporter dans telle ou telle situation de vie. L&#8217;anxi\u00e9t\u00e9 est pr\u00e9dictive. On est anxieux de ce qu&#8217;il va se passer dans un \u00e9v\u00e9nement futur. On se cr\u00e9e des sc\u00e9narios catastrophe que l&#8217;on se passe et repasse en boucle dans la t\u00eate pour au final constater que tout s&#8217;est plut\u00f4t bien pass\u00e9. L&#8217;anxi\u00e9t\u00e9 pose la question : &#8220;Suis- je capable de &#8230;? &#8220; Dans le cadre de l&#8217;hyperphagie ou la boulimie, de quoi peut-on avoir peur? \u2733\ufe0f Pas de peur sp\u00e9cifique mais une anxi\u00e9t\u00e9 g\u00e9n\u00e9rale, une angoisse flottante ind\u00e9termin\u00e9e, une appr\u00e9hension de diverses situations de vie sans d\u00e9clencheur particulier. \u2733\ufe0fPeur : de l&#8217;abandon et du rejet, de l\u2019\u00e9chec et de ne pas \u00eatre \u00e0 la hauteur, de ne pas \u00eatre aim\u00e9. Mais aussi peur de grossir, de mal manger, de \u201ccraquer\u201d et de \u201cfaire une crise\u201d.\u00a0 \u27a1\ufe0f Pour aller plus loin sur le sujet de l\u2019anxi\u00e9t\u00e9, je vous conseille d\u2019\u00e9couter l\u2019\u00e9pisode n\u00b0401 du podcast M\u00e9tamorphose avec le Dr Fr\u00e9d\u00e9ric Fanget : Comment combattre l\u2019anxi\u00e9t\u00e9?\u00a0 https:\/\/open.spotify.com\/episode\/42wagHnbnsw3yhPmODGPFR?si=7432e7e70c8b42af \u2753Faites- vous des liens entre votre anxi\u00e9t\u00e9 et votre trouble alimentaire?\u00a0 Pour r\u00e9duire l&#8217;anxi\u00e9t\u00e9 alimentaire, un parcours en alimentation intuitive peut vous aider :\u00a0https:\/\/amandine-perrichon.org\/alimentation-intuitive\/ Pour en savoir plus sur un accompagnement personnalis\u00e9 :\u00a0 Accompagnement des TCA<\/p>\n","protected":false},"author":1,"featured_media":3185,"comment_status":"open","ping_status":"open","sticky":false,"template":"","format":"standard","meta":{"ocean_post_layout":"","ocean_both_sidebars_style":"","ocean_both_sidebars_content_width":0,"ocean_both_sidebars_sidebars_width":0,"ocean_sidebar":"0","ocean_second_sidebar":"0","ocean_disable_margins":"enable","ocean_add_body_class":"","ocean_shortcode_before_top_bar":"","ocean_shortcode_after_top_bar":"","ocean_shortcode_before_header":"","ocean_shortcode_after_header":"","ocean_has_shortcode":"","ocean_shortcode_after_title":"","ocean_shortcode_before_footer_widgets":"","ocean_shortcode_after_footer_widgets":"","ocean_shortcode_before_footer_bottom":"","ocean_shortcode_after_footer_bottom":"","ocean_display_top_bar":"default","ocean_display_header":"default","ocean_header_style":"","ocean_center_header_left_menu":"0","ocean_custom_header_template":"0","ocean_custom_logo":0,"ocean_custom_retina_logo":0,"ocean_custom_logo_max_width":0,"ocean_custom_logo_tablet_max_width":0,"ocean_custom_logo_mobile_max_width":0,"ocean_custom_logo_max_height":0,"ocean_custom_logo_tablet_max_height":0,"ocean_custom_logo_mobile_max_height":0,"ocean_header_custom_menu":"0","ocean_menu_typo_font_family":"0","ocean_menu_typo_font_subset":"","ocean_menu_typo_font_size":0,"ocean_menu_typo_font_size_tablet":0,"ocean_menu_typo_font_size_mobile":0,"ocean_menu_typo_font_size_unit":"px","ocean_menu_typo_font_weight":"","ocean_menu_typo_font_weight_tablet":"","ocean_menu_typo_font_weight_mobile":"","ocean_menu_typo_transform":"","ocean_menu_typo_transform_tablet":"","ocean_menu_typo_transform_mobile":"","ocean_menu_typo_line_height":0,"ocean_menu_typo_line_height_tablet":0,"ocean_menu_typo_line_height_mobile":0,"ocean_menu_typo_line_height_unit":"","ocean_menu_typo_spacing":0,"ocean_menu_typo_spacing_tablet":0,"ocean_menu_typo_spacing_mobile":0,"ocean_menu_typo_spacing_unit":"","ocean_menu_link_color":"","ocean_menu_link_color_hover":"","ocean_menu_link_color_active":"","ocean_menu_link_background":"","ocean_menu_link_hover_background":"","ocean_menu_link_active_background":"","ocean_menu_social_links_bg":"","ocean_menu_social_hover_links_bg":"","ocean_menu_social_links_color":"","ocean_menu_social_hover_links_color":"","ocean_disable_title":"default","ocean_disable_heading":"default","ocean_post_title":"","ocean_post_subheading":"","ocean_post_title_style":"","ocean_post_title_background_color":"","ocean_post_title_background":0,"ocean_post_title_bg_image_position":"","ocean_post_title_bg_image_attachment":"","ocean_post_title_bg_image_repeat":"","ocean_post_title_bg_image_size":"","ocean_post_title_height":0,"ocean_post_title_bg_overlay":0.5,"ocean_post_title_bg_overlay_color":"","ocean_disable_breadcrumbs":"default","ocean_breadcrumbs_color":"","ocean_breadcrumbs_separator_color":"","ocean_breadcrumbs_links_color":"","ocean_breadcrumbs_links_hover_color":"","ocean_display_footer_widgets":"default","ocean_display_footer_bottom":"default","ocean_custom_footer_template":"0","footnotes":"","ocean_post_oembed":"","ocean_post_self_hosted_media":"","ocean_post_video_embed":"","ocean_link_format":"","ocean_link_format_target":"self","ocean_quote_format":"","ocean_quote_format_link":"post","ocean_gallery_link_images":"off","ocean_gallery_id":[]},"categories":[1],"tags":[],"yoast_head":"<!-- This site is optimized with the Yoast SEO plugin v23.5 - https:\/\/yoast.com\/wordpress\/plugins\/seo\/ -->\n<title>Anxi\u00e9t\u00e9 et TCA - Psychodi\u00e9t\u00e9tique.fr<\/title>\n<meta name=\"description\" content=\"Faire des liens entre son anxi\u00e9t\u00e9 et son TCA. La crise de boulimie ou d&#039;hyperphagie boulimique peu venir en r\u00e9action \u00e0 l&#039;anxi\u00e9t\u00e9.\" \/>\n<meta name=\"robots\" content=\"index, follow, max-snippet:-1, max-image-preview:large, max-video-preview:-1\" \/>\n<link rel=\"canonical\" href=\"https:\/\/psychodietetique.fr\/index.php\/2023\/06\/15\/anxiete-et-tca\/\" \/>\n<meta property=\"og:locale\" content=\"en_US\" \/>\n<meta property=\"og:type\" content=\"article\" \/>\n<meta property=\"og:title\" content=\"Anxi\u00e9t\u00e9 et TCA - Psychodi\u00e9t\u00e9tique.fr\" \/>\n<meta property=\"og:description\" content=\"Faire des liens entre son anxi\u00e9t\u00e9 et son TCA. La crise de boulimie ou d&#039;hyperphagie boulimique peu venir en r\u00e9action \u00e0 l&#039;anxi\u00e9t\u00e9.\" \/>\n<meta property=\"og:url\" content=\"https:\/\/psychodietetique.fr\/index.php\/2023\/06\/15\/anxiete-et-tca\/\" \/>\n<meta property=\"og:site_name\" content=\"Psychodi\u00e9t\u00e9tique.fr\" \/>\n<meta property=\"article:published_time\" content=\"2023-06-15T09:57:50+00:00\" \/>\n<meta property=\"article:modified_time\" content=\"2023-12-15T15:38:59+00:00\" \/>\n<meta property=\"og:image\" content=\"https:\/\/psychodietetique.fr\/wp-content\/uploads\/2023\/08\/La-place-de-lanxiete-dans-les-TCA.jpg\" \/>\n\t<meta property=\"og:image:width\" content=\"2240\" \/>\n\t<meta property=\"og:image:height\" content=\"1260\" \/>\n\t<meta property=\"og:image:type\" content=\"image\/jpeg\" \/>\n<meta name=\"author\" content=\"Amandine Perrichon\" \/>\n<meta name=\"twitter:card\" content=\"summary_large_image\" \/>\n<meta name=\"twitter:label1\" content=\"Written by\" \/>\n\t<meta name=\"twitter:data1\" content=\"Amandine Perrichon\" \/>\n\t<meta name=\"twitter:label2\" content=\"Est. reading time\" \/>\n\t<meta name=\"twitter:data2\" content=\"3 minutes\" \/>\n<script type=\"application\/ld+json\" class=\"yoast-schema-graph\">{\"@context\":\"https:\/\/schema.org\",\"@graph\":[{\"@type\":\"Article\",\"@id\":\"https:\/\/psychodietetique.fr\/index.php\/2023\/06\/15\/anxiete-et-tca\/#article\",\"isPartOf\":{\"@id\":\"https:\/\/psychodietetique.fr\/index.php\/2023\/06\/15\/anxiete-et-tca\/\"},\"author\":{\"name\":\"Amandine Perrichon\",\"@id\":\"https:\/\/psychodietetique.fr\/#\/schema\/person\/648958742ec8002e41a8b8e14edb9a13\"},\"headline\":\"Anxi\u00e9t\u00e9 et TCA\",\"datePublished\":\"2023-06-15T09:57:50+00:00\",\"dateModified\":\"2023-12-15T15:38:59+00:00\",\"mainEntityOfPage\":{\"@id\":\"https:\/\/psychodietetique.fr\/index.php\/2023\/06\/15\/anxiete-et-tca\/\"},\"wordCount\":796,\"commentCount\":0,\"publisher\":{\"@id\":\"https:\/\/psychodietetique.fr\/#organization\"},\"image\":{\"@id\":\"https:\/\/psychodietetique.fr\/index.php\/2023\/06\/15\/anxiete-et-tca\/#primaryimage\"},\"thumbnailUrl\":\"https:\/\/psychodietetique.fr\/wp-content\/uploads\/2023\/08\/La-place-de-lanxiete-dans-les-TCA.jpg\",\"articleSection\":[\"Blog\"],\"inLanguage\":\"en-US\",\"potentialAction\":[{\"@type\":\"CommentAction\",\"name\":\"Comment\",\"target\":[\"https:\/\/psychodietetique.fr\/index.php\/2023\/06\/15\/anxiete-et-tca\/#respond\"]}]},{\"@type\":\"WebPage\",\"@id\":\"https:\/\/psychodietetique.fr\/index.php\/2023\/06\/15\/anxiete-et-tca\/\",\"url\":\"https:\/\/psychodietetique.fr\/index.php\/2023\/06\/15\/anxiete-et-tca\/\",\"name\":\"Anxi\u00e9t\u00e9 et TCA - Psychodi\u00e9t\u00e9tique.fr\",\"isPartOf\":{\"@id\":\"https:\/\/psychodietetique.fr\/#website\"},\"primaryImageOfPage\":{\"@id\":\"https:\/\/psychodietetique.fr\/index.php\/2023\/06\/15\/anxiete-et-tca\/#primaryimage\"},\"image\":{\"@id\":\"https:\/\/psychodietetique.fr\/index.php\/2023\/06\/15\/anxiete-et-tca\/#primaryimage\"},\"thumbnailUrl\":\"https:\/\/psychodietetique.fr\/wp-content\/uploads\/2023\/08\/La-place-de-lanxiete-dans-les-TCA.jpg\",\"datePublished\":\"2023-06-15T09:57:50+00:00\",\"dateModified\":\"2023-12-15T15:38:59+00:00\",\"description\":\"Faire des liens entre son anxi\u00e9t\u00e9 et son TCA. La crise de boulimie ou d'hyperphagie boulimique peu venir en r\u00e9action \u00e0 l'anxi\u00e9t\u00e9.\",\"breadcrumb\":{\"@id\":\"https:\/\/psychodietetique.fr\/index.php\/2023\/06\/15\/anxiete-et-tca\/#breadcrumb\"},\"inLanguage\":\"en-US\",\"potentialAction\":[{\"@type\":\"ReadAction\",\"target\":[\"https:\/\/psychodietetique.fr\/index.php\/2023\/06\/15\/anxiete-et-tca\/\"]}]},{\"@type\":\"ImageObject\",\"inLanguage\":\"en-US\",\"@id\":\"https:\/\/psychodietetique.fr\/index.php\/2023\/06\/15\/anxiete-et-tca\/#primaryimage\",\"url\":\"https:\/\/psychodietetique.fr\/wp-content\/uploads\/2023\/08\/La-place-de-lanxiete-dans-les-TCA.jpg\",\"contentUrl\":\"https:\/\/psychodietetique.fr\/wp-content\/uploads\/2023\/08\/La-place-de-lanxiete-dans-les-TCA.jpg\",\"width\":2240,\"height\":1260,\"caption\":\"La place de l'anxi\u00e9t\u00e9 dans les TCA\"},{\"@type\":\"BreadcrumbList\",\"@id\":\"https:\/\/psychodietetique.fr\/index.php\/2023\/06\/15\/anxiete-et-tca\/#breadcrumb\",\"itemListElement\":[{\"@type\":\"ListItem\",\"position\":1,\"name\":\"Accueil\",\"item\":\"https:\/\/psychodietetique.fr\/\"},{\"@type\":\"ListItem\",\"position\":2,\"name\":\"Anxi\u00e9t\u00e9 et TCA\"}]},{\"@type\":\"WebSite\",\"@id\":\"https:\/\/psychodietetique.fr\/#website\",\"url\":\"https:\/\/psychodietetique.fr\/\",\"name\":\"Psychodi\u00e9t\u00e9tique.fr\",\"description\":\"Di\u00e9t\u00e9ticienne-Nutrionniste\",\"publisher\":{\"@id\":\"https:\/\/psychodietetique.fr\/#organization\"},\"potentialAction\":[{\"@type\":\"SearchAction\",\"target\":{\"@type\":\"EntryPoint\",\"urlTemplate\":\"https:\/\/psychodietetique.fr\/?s={search_term_string}\"},\"query-input\":{\"@type\":\"PropertyValueSpecification\",\"valueRequired\":true,\"valueName\":\"search_term_string\"}}],\"inLanguage\":\"en-US\"},{\"@type\":\"Organization\",\"@id\":\"https:\/\/psychodietetique.fr\/#organization\",\"name\":\"Psychodi\u00e9t\u00e9tique.fr\",\"url\":\"https:\/\/psychodietetique.fr\/\",\"logo\":{\"@type\":\"ImageObject\",\"inLanguage\":\"en-US\",\"@id\":\"https:\/\/psychodietetique.fr\/#\/schema\/logo\/image\/\",\"url\":\"https:\/\/psychodietetique.fr\/wp-content\/uploads\/2023\/08\/Logo-seul-transparent-1.png\",\"contentUrl\":\"https:\/\/psychodietetique.fr\/wp-content\/uploads\/2023\/08\/Logo-seul-transparent-1.png\",\"width\":1000,\"height\":1000,\"caption\":\"Psychodi\u00e9t\u00e9tique.fr\"},\"image\":{\"@id\":\"https:\/\/psychodietetique.fr\/#\/schema\/logo\/image\/\"}},{\"@type\":\"Person\",\"@id\":\"https:\/\/psychodietetique.fr\/#\/schema\/person\/648958742ec8002e41a8b8e14edb9a13\",\"name\":\"Amandine Perrichon\",\"image\":{\"@type\":\"ImageObject\",\"inLanguage\":\"en-US\",\"@id\":\"https:\/\/psychodietetique.fr\/#\/schema\/person\/image\/\",\"url\":\"https:\/\/secure.gravatar.com\/avatar\/ba3820ed1361954bf5c6314832ed8c9e?s=96&d=mm&r=g\",\"contentUrl\":\"https:\/\/secure.gravatar.com\/avatar\/ba3820ed1361954bf5c6314832ed8c9e?s=96&d=mm&r=g\",\"caption\":\"Amandine Perrichon\"},\"sameAs\":[\"https:\/\/psychodietetique.fr\"],\"url\":\"https:\/\/psychodietetique.fr\/index.php\/author\/ap_admin\/\"}]}<\/script>\n<!-- \/ Yoast SEO plugin. -->","yoast_head_json":{"title":"Anxi\u00e9t\u00e9 et TCA - Psychodi\u00e9t\u00e9tique.fr","description":"Faire des liens entre son anxi\u00e9t\u00e9 et son TCA. La crise de boulimie ou d'hyperphagie boulimique peu venir en r\u00e9action \u00e0 l'anxi\u00e9t\u00e9.","robots":{"index":"index","follow":"follow","max-snippet":"max-snippet:-1","max-image-preview":"max-image-preview:large","max-video-preview":"max-video-preview:-1"},"canonical":"https:\/\/psychodietetique.fr\/index.php\/2023\/06\/15\/anxiete-et-tca\/","og_locale":"en_US","og_type":"article","og_title":"Anxi\u00e9t\u00e9 et TCA - Psychodi\u00e9t\u00e9tique.fr","og_description":"Faire des liens entre son anxi\u00e9t\u00e9 et son TCA. La crise de boulimie ou d'hyperphagie boulimique peu venir en r\u00e9action \u00e0 l'anxi\u00e9t\u00e9.","og_url":"https:\/\/psychodietetique.fr\/index.php\/2023\/06\/15\/anxiete-et-tca\/","og_site_name":"Psychodi\u00e9t\u00e9tique.fr","article_published_time":"2023-06-15T09:57:50+00:00","article_modified_time":"2023-12-15T15:38:59+00:00","og_image":[{"width":2240,"height":1260,"url":"https:\/\/psychodietetique.fr\/wp-content\/uploads\/2023\/08\/La-place-de-lanxiete-dans-les-TCA.jpg","type":"image\/jpeg"}],"author":"Amandine Perrichon","twitter_card":"summary_large_image","twitter_misc":{"Written by":"Amandine Perrichon","Est. reading time":"3 minutes"},"schema":{"@context":"https:\/\/schema.org","@graph":[{"@type":"Article","@id":"https:\/\/psychodietetique.fr\/index.php\/2023\/06\/15\/anxiete-et-tca\/#article","isPartOf":{"@id":"https:\/\/psychodietetique.fr\/index.php\/2023\/06\/15\/anxiete-et-tca\/"},"author":{"name":"Amandine Perrichon","@id":"https:\/\/psychodietetique.fr\/#\/schema\/person\/648958742ec8002e41a8b8e14edb9a13"},"headline":"Anxi\u00e9t\u00e9 et TCA","datePublished":"2023-06-15T09:57:50+00:00","dateModified":"2023-12-15T15:38:59+00:00","mainEntityOfPage":{"@id":"https:\/\/psychodietetique.fr\/index.php\/2023\/06\/15\/anxiete-et-tca\/"},"wordCount":796,"commentCount":0,"publisher":{"@id":"https:\/\/psychodietetique.fr\/#organization"},"image":{"@id":"https:\/\/psychodietetique.fr\/index.php\/2023\/06\/15\/anxiete-et-tca\/#primaryimage"},"thumbnailUrl":"https:\/\/psychodietetique.fr\/wp-content\/uploads\/2023\/08\/La-place-de-lanxiete-dans-les-TCA.jpg","articleSection":["Blog"],"inLanguage":"en-US","potentialAction":[{"@type":"CommentAction","name":"Comment","target":["https:\/\/psychodietetique.fr\/index.php\/2023\/06\/15\/anxiete-et-tca\/#respond"]}]},{"@type":"WebPage","@id":"https:\/\/psychodietetique.fr\/index.php\/2023\/06\/15\/anxiete-et-tca\/","url":"https:\/\/psychodietetique.fr\/index.php\/2023\/06\/15\/anxiete-et-tca\/","name":"Anxi\u00e9t\u00e9 et TCA - Psychodi\u00e9t\u00e9tique.fr","isPartOf":{"@id":"https:\/\/psychodietetique.fr\/#website"},"primaryImageOfPage":{"@id":"https:\/\/psychodietetique.fr\/index.php\/2023\/06\/15\/anxiete-et-tca\/#primaryimage"},"image":{"@id":"https:\/\/psychodietetique.fr\/index.php\/2023\/06\/15\/anxiete-et-tca\/#primaryimage"},"thumbnailUrl":"https:\/\/psychodietetique.fr\/wp-content\/uploads\/2023\/08\/La-place-de-lanxiete-dans-les-TCA.jpg","datePublished":"2023-06-15T09:57:50+00:00","dateModified":"2023-12-15T15:38:59+00:00","description":"Faire des liens entre son anxi\u00e9t\u00e9 et son TCA. La crise de boulimie ou d'hyperphagie boulimique peu venir en r\u00e9action \u00e0 l'anxi\u00e9t\u00e9.","breadcrumb":{"@id":"https:\/\/psychodietetique.fr\/index.php\/2023\/06\/15\/anxiete-et-tca\/#breadcrumb"},"inLanguage":"en-US","potentialAction":[{"@type":"ReadAction","target":["https:\/\/psychodietetique.fr\/index.php\/2023\/06\/15\/anxiete-et-tca\/"]}]},{"@type":"ImageObject","inLanguage":"en-US","@id":"https:\/\/psychodietetique.fr\/index.php\/2023\/06\/15\/anxiete-et-tca\/#primaryimage","url":"https:\/\/psychodietetique.fr\/wp-content\/uploads\/2023\/08\/La-place-de-lanxiete-dans-les-TCA.jpg","contentUrl":"https:\/\/psychodietetique.fr\/wp-content\/uploads\/2023\/08\/La-place-de-lanxiete-dans-les-TCA.jpg","width":2240,"height":1260,"caption":"La place de l'anxi\u00e9t\u00e9 dans les TCA"},{"@type":"BreadcrumbList","@id":"https:\/\/psychodietetique.fr\/index.php\/2023\/06\/15\/anxiete-et-tca\/#breadcrumb","itemListElement":[{"@type":"ListItem","position":1,"name":"Accueil","item":"https:\/\/psychodietetique.fr\/"},{"@type":"ListItem","position":2,"name":"Anxi\u00e9t\u00e9 et TCA"}]},{"@type":"WebSite","@id":"https:\/\/psychodietetique.fr\/#website","url":"https:\/\/psychodietetique.fr\/","name":"Psychodi\u00e9t\u00e9tique.fr","description":"Di\u00e9t\u00e9ticienne-Nutrionniste","publisher":{"@id":"https:\/\/psychodietetique.fr\/#organization"},"potentialAction":[{"@type":"SearchAction","target":{"@type":"EntryPoint","urlTemplate":"https:\/\/psychodietetique.fr\/?s={search_term_string}"},"query-input":{"@type":"PropertyValueSpecification","valueRequired":true,"valueName":"search_term_string"}}],"inLanguage":"en-US"},{"@type":"Organization","@id":"https:\/\/psychodietetique.fr\/#organization","name":"Psychodi\u00e9t\u00e9tique.fr","url":"https:\/\/psychodietetique.fr\/","logo":{"@type":"ImageObject","inLanguage":"en-US","@id":"https:\/\/psychodietetique.fr\/#\/schema\/logo\/image\/","url":"https:\/\/psychodietetique.fr\/wp-content\/uploads\/2023\/08\/Logo-seul-transparent-1.png","contentUrl":"https:\/\/psychodietetique.fr\/wp-content\/uploads\/2023\/08\/Logo-seul-transparent-1.png","width":1000,"height":1000,"caption":"Psychodi\u00e9t\u00e9tique.fr"},"image":{"@id":"https:\/\/psychodietetique.fr\/#\/schema\/logo\/image\/"}},{"@type":"Person","@id":"https:\/\/psychodietetique.fr\/#\/schema\/person\/648958742ec8002e41a8b8e14edb9a13","name":"Amandine Perrichon","image":{"@type":"ImageObject","inLanguage":"en-US","@id":"https:\/\/psychodietetique.fr\/#\/schema\/person\/image\/","url":"https:\/\/secure.gravatar.com\/avatar\/ba3820ed1361954bf5c6314832ed8c9e?s=96&d=mm&r=g","contentUrl":"https:\/\/secure.gravatar.com\/avatar\/ba3820ed1361954bf5c6314832ed8c9e?s=96&d=mm&r=g","caption":"Amandine Perrichon"},"sameAs":["https:\/\/psychodietetique.fr"],"url":"https:\/\/psychodietetique.fr\/index.php\/author\/ap_admin\/"}]}},"jetpack_featured_media_url":"https:\/\/psychodietetique.fr\/wp-content\/uploads\/2023\/08\/La-place-de-lanxiete-dans-les-TCA.jpg","_links":{"self":[{"href":"https:\/\/psychodietetique.fr\/index.php\/wp-json\/wp\/v2\/posts\/3031"}],"collection":[{"href":"https:\/\/psychodietetique.fr\/index.php\/wp-json\/wp\/v2\/posts"}],"about":[{"href":"https:\/\/psychodietetique.fr\/index.php\/wp-json\/wp\/v2\/types\/post"}],"author":[{"embeddable":true,"href":"https:\/\/psychodietetique.fr\/index.php\/wp-json\/wp\/v2\/users\/1"}],"replies":[{"embeddable":true,"href":"https:\/\/psychodietetique.fr\/index.php\/wp-json\/wp\/v2\/comments?post=3031"}],"version-history":[{"count":17,"href":"https:\/\/psychodietetique.fr\/index.php\/wp-json\/wp\/v2\/posts\/3031\/revisions"}],"predecessor-version":[{"id":4568,"href":"https:\/\/psychodietetique.fr\/index.php\/wp-json\/wp\/v2\/posts\/3031\/revisions\/4568"}],"wp:featuredmedia":[{"embeddable":true,"href":"https:\/\/psychodietetique.fr\/index.php\/wp-json\/wp\/v2\/media\/3185"}],"wp:attachment":[{"href":"https:\/\/psychodietetique.fr\/index.php\/wp-json\/wp\/v2\/media?parent=3031"}],"wp:term":[{"taxonomy":"category","embeddable":true,"href":"https:\/\/psychodietetique.fr\/index.php\/wp-json\/wp\/v2\/categories?post=3031"},{"taxonomy":"post_tag","embeddable":true,"href":"https:\/\/psychodietetique.fr\/index.php\/wp-json\/wp\/v2\/tags?post=3031"}],"curies":[{"name":"wp","href":"https:\/\/api.w.org\/{rel}","templated":true}]}}