{"id":4539,"date":"2023-12-13T16:37:19","date_gmt":"2023-12-13T15:37:19","guid":{"rendered":"https:\/\/psychodietetique.fr\/?p=4539"},"modified":"2025-03-24T15:46:35","modified_gmt":"2025-03-24T14:46:35","slug":"poids-d-equilibre","status":"publish","type":"post","link":"https:\/\/psychodietetique.fr\/index.php\/2023\/12\/13\/poids-d-equilibre\/","title":{"rendered":"Comment trouver votre poids d\u2019\u00e9quilibre?"},"content":{"rendered":"\t\t<div data-elementor-type=\"wp-post\" data-elementor-id=\"4539\" class=\"elementor elementor-4539\">\n\t\t\t\t\t\t<section class=\"elementor-section elementor-top-section elementor-element elementor-element-8553370 elementor-section-boxed elementor-section-height-default elementor-section-height-default wpr-particle-no wpr-jarallax-no wpr-parallax-no wpr-sticky-section-no wpr-equal-height-no\" data-id=\"8553370\" data-element_type=\"section\">\n\t\t\t\t\t\t<div class=\"elementor-container elementor-column-gap-default\">\n\t\t\t\t\t<div class=\"elementor-column elementor-col-100 elementor-top-column elementor-element elementor-element-811868c\" data-id=\"811868c\" data-element_type=\"column\">\n\t\t\t<div class=\"elementor-widget-wrap elementor-element-populated\">\n\t\t\t\t\t\t<div class=\"elementor-element elementor-element-c416d8d elementor-widget elementor-widget-text-editor\" data-id=\"c416d8d\" data-element_type=\"widget\" data-widget_type=\"text-editor.default\">\n\t\t\t\t<div class=\"elementor-widget-container\">\n\t\t\t\t\t\t\t\t\t<p><span style=\"font-weight: 400;\">Qu\u2019on se le dise, le principal motif de consultation d\u2019un di\u00e9t\u00e9ticien est la <span style=\"color: #0000ff;\"><a style=\"color: #0000ff;\" href=\"https:\/\/psychodietetique.fr\/index.php\/nutritionniste-carpentras\/\"><strong>perte de poids<\/strong><\/a><\/span>.&nbsp;<\/span><\/p>\n<p><span style=\"font-weight: 400;\">Vous prenez rendez- vous suite \u00e0 une prise de poids r\u00e9cente ou durant une p\u00e9riode de votre vie o\u00f9 le poids vous fait souffrir physiquement et\/ ou psychiquement.&nbsp;<\/span><\/p>\n<p><span style=\"font-weight: 400;\">Bien souvent, en franchissant les portes du cabinet de di\u00e9t\u00e9tique, vous avez en t\u00eate un nombre de kilos que vous voudriez perdre : 5, 10, 15 kg ou revenir \u00e0 votre poids avant grossesse ou quand vous aviez 30 ans.&nbsp;<\/span><\/p>\n<p><span style=\"font-weight: 400;\">J\u2019aimerais vous r\u00e9pondre qu&#8217;avec mon accompagnement vous allez maigrir et <strong>perdre 10, 20 ou 30 kg<\/strong>. Cela serait m\u00eame tr\u00e8s \u201cvendeur\u201d de pouvoir faire des promesses de perte de poids.&nbsp;<\/span><\/p>\n<p><span style=\"font-weight: 400;\">Mais ce n\u2019est pas la r\u00e9alit\u00e9. Et ce serait tr\u00e8s malhonn\u00eate de ma part, en tant que professionnelle de sant\u00e9, de vous faire ce type de promesse. L\u00e0, vous pouvez vous dire que vous \u00eates mal tomb\u00e9 et que vous pr\u00e9f\u00e9rez aller voir ailleurs. Vous tourner vers un professionnel qui vous promettra ce que vous d\u00e9sirez tant.&nbsp; Comme la coach minceur dont vous venez de voir la vid\u00e9o sur Youtube et qui&nbsp; vous promet de <strong>perdre 10 kg en 2 mois avec sa m\u00e9thode<\/strong>. Ok, mais avant de vous lancer dans ce type d\u2019aventure, je vous invite \u00e0 vous poser trois questions :&nbsp;<\/span><\/p>\n<p><span style=\"font-weight: 400;\">\u2728 Est-ce que je souhaite un r\u00e9sultat \u00e0 court ou \u00e0 long terme?&nbsp;<\/span><\/p>\n<p><span style=\"font-weight: 400;\">\u2728 Suis- je&nbsp; pr\u00eat \u00e0 me restreindre toute ma vie pour maintenir le poids perdu?&nbsp;<\/span><\/p>\n<p><span style=\"font-weight: 400;\">\u2728 Ai- je envie de prendre le risque de fragiliser ma sant\u00e9 mentale et mon estime de moi- m\u00eame pour atteindre ce poids r\u00eav\u00e9?&nbsp;<\/span><\/p>\n<p><span style=\"font-weight: 400;\">Personne n\u2019est dans votre corps, donc personne ne peut affirmer que vous allez perdre x kilos et ne plus jamais les reprendre.&nbsp;<\/span><\/p>\n<h2>Mais alors, en tant que di\u00e9t\u00e9ticienne, comment j\u2019accompagne les personnes qui souhaitent maigrir?&nbsp;<\/h2>\n<p><span style=\"font-weight: 400;\">Mon approche me permet de vous accompagner pour trouver votre <strong>poids d\u2019\u00e9quilibre<\/strong>.&nbsp; Mais ce poids d\u2019\u00e9quilibre&nbsp; je ne le connais pas et vous non plus, en tout cas vous ne le connaissez pas \u00e0 l\u2019avance. Je propose une approche globale qui permet d\u2019apaiser sa relation au corps et \u00e0 l\u2019alimentation et ainsi de trouver pas \u00e0 pas un \u00e9quilibre durable.&nbsp;<\/span><\/p>\n<p><span style=\"font-weight: 400;\">Pour comprendre mes propos, je vais d\u00e9tailler avec vous ce qu\u2019est le<strong> poids d\u2019\u00e9quilibre<\/strong>, les facteurs qui le perturbent ainsi que des pistes pour trouver, retrouver ou maintenir naturellement votre poids d\u2019\u00e9quilibre. Je vous proposerai \u00e9galement de mettre en parall\u00e8le l\u2019IMC et le poids d\u2019\u00e9quilibre.&nbsp;<\/span><\/p>\n<h3><span style=\"font-weight: 400;\">1\ufe0f\u20e3 <\/span><span style=\"font-weight: 400;\">Qu\u2019est-ce que le poids d\u2019\u00e9quilibre?<\/span><span style=\"font-weight: 400;\">&nbsp;<\/span><\/h3>\n<p><span style=\"font-weight: 400;\">Le poids d\u2019\u00e9quilibre est appel\u00e9 \u00e9galement&nbsp; poids naturel ou set point.<\/span><\/p>\n<p><span style=\"font-weight: 400;\">Le poids d\u2019\u00e9quilibre est le poids que l&#8217;on atteint et que l&#8217;on maintient dans le temps<\/span><b> sans contr\u00f4le mental de notre alimentation<\/b><span style=\"font-weight: 400;\">. En mangeant en fonction de nos<\/span><b> besoins<\/b><span style=\"font-weight: 400;\"> , en <\/span><b>respectant nos sensations alimentaires<\/b><span style=\"font-weight: 400;\"> : faim, envies,&nbsp; sati\u00e9t\u00e9 et rassasiement.<\/span><\/p>\n<h3><span style=\"font-weight: 400;\">2\ufe0f\u20e3<\/span><span style=\"font-weight: 400;\">Peut-on choisir son poids d\u2019\u00e9quilibre?<\/span><span style=\"font-weight: 400;\">&nbsp;<\/span><\/h3>\n<p><span style=\"font-weight: 400;\">Est-ce que vous avez choisi votre taille? La couleur de vos yeux? Non. C\u2019est pareil pour le poids d\u2019\u00e9quilibre, personne ne peut le choisir. Et si vous souhaitez envers et contre tout vous maintenir \u00e0 un poids qui n\u2019est pas votre poids d\u2019\u00e9quilibre vous allez devoir <strong>contr\u00f4ler toute votre vie votre alimentation<\/strong>. \u00c7a va vous demander de grandes ressources psychiques pour <strong>lutter contre les besoins naturels de votre corps<\/strong> et lui apporter moins de calories que ce dont il a besoin. <\/span><\/p>\n<blockquote>\n<p><span style=\"font-weight: 400;\">Est-ce que vous avez envie de mobiliser votre \u00e9nergie psychique pour contr\u00f4ler votre poids ou pour nourrir un projet professionnel ou familial qui vous tient \u00e0 c\u0153ur?&nbsp;<\/span><\/p>\n<\/blockquote>\n<h3><span style=\"font-weight: 400;\">3\ufe0f\u20e3 <\/span><span style=\"font-weight: 400;\">Poids d\u2019\u00e9quilibre, IMC et norme sociale<\/span><\/h3>\n<p><span style=\"font-weight: 400;\">Le poids d\u2019\u00e9quilibre ne correspond pas toujours \u00e0 un IMC dit \u201cnormal\u201d (IMC = Indice de Masse Corporelle). Sachant que l\u2019IMC ne prend pas en compte l&#8217;ossature, la masse musculaire, la g\u00e9n\u00e9tique, l&#8217;histoire de la personne\u2026 c\u2019est assez, \u00e0 mon sens restrictif de vouloir caser tout le monde dans la case \u201cnormalit\u00e9\u201d.<\/span><\/p>\n<p><span style=\"font-weight: 400;\">A l\u2019origine, l\u2019<strong>IMC<\/strong> a \u00e9t\u00e9 invent\u00e9 en 1832 par Lambert Quetelet. Cet indice&nbsp; permet la cr\u00e9ation d&#8217;un langage unique, bien pratique pour les statisticiens, les \u00e9pid\u00e9miologistes et les \u00e9conomistes. <strong>Il permet de standardiser le poids en fonction de la taille.&nbsp;<\/strong><\/span><\/p>\n<p><span style=\"font-weight: 400;\">Mais aujourd\u2019hui, l\u2019IMC est<\/span> <span style=\"font-weight: 400;\">&nbsp;devenu une <\/span><b>norme m\u00e9dicale<\/b><span style=\"font-weight: 400;\"> mais surtout <\/span><b>soci\u00e9tale<\/b><span style=\"font-weight: 400;\"> favorisant le culte de la minceur en faisant <\/span><b>entrer tout le monde dans la case &#8220;poids normal!&#8221;<\/b><span style=\"font-weight: 400;\">.<\/span><\/p>\n<p><span style=\"font-weight: 400;\">Notre poids d\u2019\u00e9quilibre peut se situer dans la &#8221; zone du surpoids &#8221; naturellement. La probl\u00e9matique de vouloir maigrir \u00e0 tout prix c&#8217;est de passer <\/span><b>en dessous de ce poids naturel <\/b><span style=\"font-weight: 400;\">et de <\/span><b>perturber les syst\u00e8mes de r\u00e9gulation du poids de notre corps. <\/b><span style=\"font-weight: 400;\">Et une fois que les syst\u00e8mes de r\u00e9gulation sont perturb\u00e9s, le risque est de<\/span><b> favoriser la prise de poids<\/b><span style=\"font-weight: 400;\">.<\/span><\/p>\n<h3><span style=\"font-weight: 400;\">4\ufe0f\u20e3<\/span><span style=\"font-weight: 400;\">Qu\u2019est-ce qui perturbe le poids d\u2019\u00e9quilibre?<\/span><span style=\"font-weight: 400;\">&nbsp;<\/span><\/h3>\n<p><span style=\"font-weight: 400;\">En t\u00eate je dirais <strong>les r\u00e9gimes<\/strong>. Bien entendu, tout <strong>\u00e9v\u00e9nement de vie<\/strong> venant impacter l\u2019alimentation et\/ ou les d\u00e9penses \u00e9nerg\u00e9tiques peuvent \u00eatre \u00e0 l\u2019origine d\u2019une augmentation ou baisse du poids.<\/span><\/p>\n<p><span style=\"font-weight: 400;\"> Parfois le poids d\u2019\u00e9quilibre reste le m\u00eame et une fois l\u2019\u00e9pisode de vie difficile pass\u00e9, on retrouve ce poids naturellement. Parfois, le poids d\u2019\u00e9quilibre augmente et c\u2019est particuli\u00e8rement le cas apr\u00e8s un ou plusieurs r\u00e9gimes et il est alors tr\u00e8s difficile de retrouver son poids de d\u00e9part.&nbsp; <\/span><\/p>\n<p><span style=\"font-weight: 400;\">Pour mieux comprendre le m\u00e9canisme de ce ph\u00e9nom\u00e8ne, appel\u00e9 <\/span><b>effet Yoyo<\/b><span style=\"font-weight: 400;\">, je vous renvoie \u00e0 mon article de blog : <a href=\"https:\/\/psychodietetique.fr\/index.php\/2023\/03\/15\/effet-yoyo\/\">Effet Yoyo, le comprendre pour ne plus en souffrir<\/a>.&nbsp;<\/span><\/p>\n<h3><span style=\"font-weight: 400;\">5\ufe0f\u20e3<\/span><span style=\"font-weight: 400;\">Comment conna\u00eetre son poids d\u2019\u00e9quilibre?<\/span><span style=\"font-weight: 400;\">&nbsp;<\/span><\/h3>\n<p><span style=\"font-weight: 400;\">On conna\u00eet son poids d\u2019\u00e9quilibre avec l<strong>\u2019exp\u00e9rience<\/strong> et la <strong>connaissance de soi<\/strong>. On l\u2019atteint quand on arrive \u00e0 maintenir un <strong>poids stable<\/strong> (qui peut varier de 2, 3 kilos) <strong>sans contr\u00f4ler mentalement<\/strong> son alimentation. C&#8217;est-\u00e0-dire en laissant de c\u00f4t\u00e9 les croyances et injonctions alimentaires : il faut, il ne faut pas, je dois, je ne dois pas, et en apprenant \u00e0 manger en <strong>respectant ses sensations alimentaires<\/strong> et donc les besoins de son corps.&nbsp;<\/span><\/p>\n<p><span style=\"font-weight: 400;\">Observez autour de vous, vous devez certainement conna\u00eetre une personne qui a un poids stable sans s\u2019\u00eatre jamais prise la t\u00eate avec son alimentation. Cette personne est \u00e0 son poids d\u2019\u00e9quilibre. J\u2019ai beaucoup de patientes qui me parlent du poids de leur mari en me disant \u201clui il a de la chance\u201d et bien souvent se cache derri\u00e8re cette \u201cchance\u201d, un comportement alimentaire d\u00e9complex\u00e9. <strong>C&#8217;est-\u00e0-dire un comportement sain et serein vis-\u00e0 -vis de la nourriture.&nbsp;<\/strong><\/span><\/p>\n<h3><span style=\"font-weight: 400;\">6\ufe0f\u20e3<\/span><span style=\"font-weight: 400;\">Quelques pistes pour trouver ou retrouver son poids d\u2019\u00e9quilibre ?&nbsp;<\/span><\/h3>\n<ul>\n<li style=\"font-weight: 400;\" aria-level=\"1\"><span style=\"font-weight: 400;\">Sortir de la <strong>restriction cognitive<\/strong> (=contr\u00f4le mental de l\u2019alimentation) en travaillant sur ses croyances alimentaires.&nbsp;<\/span><\/li>\n<li style=\"font-weight: 400;\" aria-level=\"1\"><span style=\"font-weight: 400;\">D\u00e9couvrir, \u00e9couter et respecter ses <strong>sensations alimentaires<\/strong>.&nbsp;<\/span><\/li>\n<li style=\"font-weight: 400;\" aria-level=\"1\"><span style=\"font-weight: 400;\">Apaiser sa <strong>relation au corps<\/strong>.&nbsp;<\/span><\/li>\n<li style=\"font-weight: 400;\" aria-level=\"1\"><span style=\"font-weight: 400;\">Travail psychoth\u00e9rapeutique sur son histoire personnelle et apprendre \u00e0 mieux vivre avec ses \u00e9motions, particuli\u00e8rement en cas de troubles du comportement alimentaire type hyperphagie ou boulimie.&nbsp;<\/span><\/li>\n<\/ul>\n<p><span style=\"font-weight: 400;\">\ud83d\udcab A la cl\u00e9 une plus grande confiance en soi et en son corps et une capacit\u00e9 \u00e0 cr\u00e9er une relation saine, sereine et \u00e9quilibr\u00e9e au corps et \u00e0 l&#8217;alimentation pour un mieux- \u00eatre durable.&nbsp;<\/span><\/p>\n<p>Je vous invite \u00e0 d\u00e9couvrir l&#8217;\u00e9pisode : <span style=\"color: #800080;\"><a style=\"color: #800080;\" href=\"https:\/\/open.spotify.com\/episode\/5v8LLbOWEIMKkvqnkdt6Aw?si=39493ef382bc4e7f\">Petite histoire de la grossophobie<\/a><\/span> du podcast Grossophobia qui illustre&nbsp; parfaitement bien les ph\u00e9nom\u00e8nes soci\u00e9taux qui influencent notre poids d&#8217;\u00e9quilibre en mettant en avant l&#8217;<strong>injonction de maigrir.<\/strong>&nbsp;<\/p>\t\t\t\t\t\t\t\t<\/div>\n\t\t\t\t<\/div>\n\t\t\t\t\t<\/div>\n\t\t<\/div>\n\t\t\t\t\t<\/div>\n\t\t<\/section>\n\t\t\t\t<\/div>\n\t\t","protected":false},"excerpt":{"rendered":"<p>Qu\u2019on se le dise, le principal motif de consultation d\u2019un di\u00e9t\u00e9ticien est la perte de poids.&nbsp; Vous prenez rendez- vous suite \u00e0 une prise de poids r\u00e9cente ou durant une p\u00e9riode de votre vie o\u00f9 le poids vous fait souffrir physiquement et\/ ou psychiquement.&nbsp; Bien souvent, en franchissant les portes du cabinet de di\u00e9t\u00e9tique, vous avez en t\u00eate un nombre de kilos que vous voudriez perdre : 5, 10, 15 kg ou revenir \u00e0 votre poids avant grossesse ou quand vous aviez 30 ans.&nbsp; J\u2019aimerais vous r\u00e9pondre qu&#8217;avec mon accompagnement vous allez maigrir et perdre 10, 20 ou 30 kg. Cela serait m\u00eame tr\u00e8s \u201cvendeur\u201d de pouvoir faire des promesses de perte de poids.&nbsp; Mais ce n\u2019est pas la r\u00e9alit\u00e9. Et ce serait tr\u00e8s malhonn\u00eate de ma part, en tant que professionnelle de sant\u00e9, de vous faire ce type de promesse. L\u00e0, vous pouvez vous dire que vous \u00eates mal tomb\u00e9 et que vous pr\u00e9f\u00e9rez aller voir ailleurs. Vous tourner vers un professionnel qui vous promettra ce que vous d\u00e9sirez tant.&nbsp; Comme la coach minceur dont vous venez de voir la vid\u00e9o sur Youtube et qui&nbsp; vous promet de perdre 10 kg en 2 mois avec sa m\u00e9thode. Ok, mais avant de vous lancer dans ce type d\u2019aventure, je vous invite \u00e0 vous poser trois questions :&nbsp; \u2728 Est-ce que je souhaite un r\u00e9sultat \u00e0 court ou \u00e0 long terme?&nbsp; \u2728 Suis- je&nbsp; pr\u00eat \u00e0 me restreindre toute ma vie pour maintenir le poids perdu?&nbsp; \u2728 Ai- je envie de prendre le risque de fragiliser ma sant\u00e9 mentale et mon estime de moi- m\u00eame pour atteindre ce poids r\u00eav\u00e9?&nbsp; Personne n\u2019est dans votre corps, donc personne ne peut affirmer que vous allez perdre x kilos et ne plus jamais les reprendre.&nbsp; Mais alors, en tant que di\u00e9t\u00e9ticienne, comment j\u2019accompagne les personnes qui souhaitent maigrir?&nbsp; Mon approche me permet de vous accompagner pour trouver votre poids d\u2019\u00e9quilibre.&nbsp; Mais ce poids d\u2019\u00e9quilibre&nbsp; je ne le connais pas et vous non plus, en tout cas vous ne le connaissez pas \u00e0 l\u2019avance. Je propose une approche globale qui permet d\u2019apaiser sa relation au corps et \u00e0 l\u2019alimentation et ainsi de trouver pas \u00e0 pas un \u00e9quilibre durable.&nbsp; Pour comprendre mes propos, je vais d\u00e9tailler avec vous ce qu\u2019est le poids d\u2019\u00e9quilibre, les facteurs qui le perturbent ainsi que des pistes pour trouver, retrouver ou maintenir naturellement votre poids d\u2019\u00e9quilibre. Je vous proposerai \u00e9galement de mettre en parall\u00e8le l\u2019IMC et le poids d\u2019\u00e9quilibre.&nbsp; 1\ufe0f\u20e3 Qu\u2019est-ce que le poids d\u2019\u00e9quilibre?&nbsp; Le poids d\u2019\u00e9quilibre est appel\u00e9 \u00e9galement&nbsp; poids naturel ou set point. Le poids d\u2019\u00e9quilibre est le poids que l&#8217;on atteint et que l&#8217;on maintient dans le temps sans contr\u00f4le mental de notre alimentation. En mangeant en fonction de nos besoins , en respectant nos sensations alimentaires : faim, envies,&nbsp; sati\u00e9t\u00e9 et rassasiement. 2\ufe0f\u20e3Peut-on choisir son poids d\u2019\u00e9quilibre?&nbsp; Est-ce que vous avez choisi votre taille? La couleur de vos yeux? Non. C\u2019est pareil pour le poids d\u2019\u00e9quilibre, personne ne peut le choisir. Et si vous souhaitez envers et contre tout vous maintenir \u00e0 un poids qui n\u2019est pas votre poids d\u2019\u00e9quilibre vous allez devoir contr\u00f4ler toute votre vie votre alimentation. \u00c7a va vous demander de grandes ressources psychiques pour lutter contre les besoins naturels de votre corps et lui apporter moins de calories que ce dont il a besoin. Est-ce que vous avez envie de mobiliser votre \u00e9nergie psychique pour contr\u00f4ler votre poids ou pour nourrir un projet professionnel ou familial qui vous tient \u00e0 c\u0153ur?&nbsp; 3\ufe0f\u20e3 Poids d\u2019\u00e9quilibre, IMC et norme sociale Le poids d\u2019\u00e9quilibre ne correspond pas toujours \u00e0 un IMC dit \u201cnormal\u201d (IMC = Indice de Masse Corporelle). Sachant que l\u2019IMC ne prend pas en compte l&#8217;ossature, la masse musculaire, la g\u00e9n\u00e9tique, l&#8217;histoire de la personne\u2026 c\u2019est assez, \u00e0 mon sens restrictif de vouloir caser tout le monde dans la case \u201cnormalit\u00e9\u201d. A l\u2019origine, l\u2019IMC a \u00e9t\u00e9 invent\u00e9 en 1832 par Lambert Quetelet. Cet indice&nbsp; permet la cr\u00e9ation d&#8217;un langage unique, bien pratique pour les statisticiens, les \u00e9pid\u00e9miologistes et les \u00e9conomistes. Il permet de standardiser le poids en fonction de la taille.&nbsp; Mais aujourd\u2019hui, l\u2019IMC est &nbsp;devenu une norme m\u00e9dicale mais surtout soci\u00e9tale favorisant le culte de la minceur en faisant entrer tout le monde dans la case &#8220;poids normal!&#8221;. Notre poids d\u2019\u00e9quilibre peut se situer dans la &#8221; zone du surpoids &#8221; naturellement. La probl\u00e9matique de vouloir maigrir \u00e0 tout prix c&#8217;est de passer en dessous de ce poids naturel et de perturber les syst\u00e8mes de r\u00e9gulation du poids de notre corps. Et une fois que les syst\u00e8mes de r\u00e9gulation sont perturb\u00e9s, le risque est de favoriser la prise de poids. 4\ufe0f\u20e3Qu\u2019est-ce qui perturbe le poids d\u2019\u00e9quilibre?&nbsp; En t\u00eate je dirais les r\u00e9gimes. Bien entendu, tout \u00e9v\u00e9nement de vie venant impacter l\u2019alimentation et\/ ou les d\u00e9penses \u00e9nerg\u00e9tiques peuvent \u00eatre \u00e0 l\u2019origine d\u2019une augmentation ou baisse du poids. Parfois le poids d\u2019\u00e9quilibre reste le m\u00eame et une fois l\u2019\u00e9pisode de vie difficile pass\u00e9, on retrouve ce poids naturellement. Parfois, le poids d\u2019\u00e9quilibre augmente et c\u2019est particuli\u00e8rement le cas apr\u00e8s un ou plusieurs r\u00e9gimes et il est alors tr\u00e8s difficile de retrouver son poids de d\u00e9part.&nbsp; Pour mieux comprendre le m\u00e9canisme de ce ph\u00e9nom\u00e8ne, appel\u00e9 effet Yoyo, je vous renvoie \u00e0 mon article de blog : Effet Yoyo, le comprendre pour ne plus en souffrir.&nbsp; 5\ufe0f\u20e3Comment conna\u00eetre son poids d\u2019\u00e9quilibre?&nbsp; On conna\u00eet son poids d\u2019\u00e9quilibre avec l\u2019exp\u00e9rience et la connaissance de soi. On l\u2019atteint quand on arrive \u00e0 maintenir un poids stable (qui peut varier de 2, 3 kilos) sans contr\u00f4ler mentalement son alimentation. C&#8217;est-\u00e0-dire en laissant de c\u00f4t\u00e9 les croyances et injonctions alimentaires : il faut, il ne faut pas, je dois, je ne dois pas, et en apprenant \u00e0 manger en respectant ses sensations alimentaires et donc les besoins de son corps.&nbsp; Observez autour de vous, vous devez certainement conna\u00eetre une personne qui a un poids stable sans s\u2019\u00eatre jamais prise la t\u00eate avec son alimentation. Cette personne est \u00e0 son poids d\u2019\u00e9quilibre. J\u2019ai beaucoup de patientes qui me parlent du<\/p>\n","protected":false},"author":1,"featured_media":4540,"comment_status":"open","ping_status":"open","sticky":false,"template":"","format":"standard","meta":{"ocean_post_layout":"","ocean_both_sidebars_style":"","ocean_both_sidebars_content_width":0,"ocean_both_sidebars_sidebars_width":0,"ocean_sidebar":"","ocean_second_sidebar":"","ocean_disable_margins":"enable","ocean_add_body_class":"","ocean_shortcode_before_top_bar":"","ocean_shortcode_after_top_bar":"","ocean_shortcode_before_header":"","ocean_shortcode_after_header":"","ocean_has_shortcode":"","ocean_shortcode_after_title":"","ocean_shortcode_before_footer_widgets":"","ocean_shortcode_after_footer_widgets":"","ocean_shortcode_before_footer_bottom":"","ocean_shortcode_after_footer_bottom":"","ocean_display_top_bar":"default","ocean_display_header":"default","ocean_header_style":"","ocean_center_header_left_menu":"","ocean_custom_header_template":"","ocean_custom_logo":0,"ocean_custom_retina_logo":0,"ocean_custom_logo_max_width":0,"ocean_custom_logo_tablet_max_width":0,"ocean_custom_logo_mobile_max_width":0,"ocean_custom_logo_max_height":0,"ocean_custom_logo_tablet_max_height":0,"ocean_custom_logo_mobile_max_height":0,"ocean_header_custom_menu":"","ocean_menu_typo_font_family":"","ocean_menu_typo_font_subset":"","ocean_menu_typo_font_size":0,"ocean_menu_typo_font_size_tablet":0,"ocean_menu_typo_font_size_mobile":0,"ocean_menu_typo_font_size_unit":"px","ocean_menu_typo_font_weight":"","ocean_menu_typo_font_weight_tablet":"","ocean_menu_typo_font_weight_mobile":"","ocean_menu_typo_transform":"","ocean_menu_typo_transform_tablet":"","ocean_menu_typo_transform_mobile":"","ocean_menu_typo_line_height":0,"ocean_menu_typo_line_height_tablet":0,"ocean_menu_typo_line_height_mobile":0,"ocean_menu_typo_line_height_unit":"","ocean_menu_typo_spacing":0,"ocean_menu_typo_spacing_tablet":0,"ocean_menu_typo_spacing_mobile":0,"ocean_menu_typo_spacing_unit":"","ocean_menu_link_color":"","ocean_menu_link_color_hover":"","ocean_menu_link_color_active":"","ocean_menu_link_background":"","ocean_menu_link_hover_background":"","ocean_menu_link_active_background":"","ocean_menu_social_links_bg":"","ocean_menu_social_hover_links_bg":"","ocean_menu_social_links_color":"","ocean_menu_social_hover_links_color":"","ocean_disable_title":"default","ocean_disable_heading":"default","ocean_post_title":"","ocean_post_subheading":"","ocean_post_title_style":"","ocean_post_title_background_color":"","ocean_post_title_background":0,"ocean_post_title_bg_image_position":"","ocean_post_title_bg_image_attachment":"","ocean_post_title_bg_image_repeat":"","ocean_post_title_bg_image_size":"","ocean_post_title_height":0,"ocean_post_title_bg_overlay":0.5,"ocean_post_title_bg_overlay_color":"","ocean_disable_breadcrumbs":"default","ocean_breadcrumbs_color":"","ocean_breadcrumbs_separator_color":"","ocean_breadcrumbs_links_color":"","ocean_breadcrumbs_links_hover_color":"","ocean_display_footer_widgets":"default","ocean_display_footer_bottom":"default","ocean_custom_footer_template":"","footnotes":"","ocean_post_oembed":"","ocean_post_self_hosted_media":"","ocean_post_video_embed":"","ocean_link_format":"","ocean_link_format_target":"self","ocean_quote_format":"","ocean_quote_format_link":"post","ocean_gallery_link_images":"on","ocean_gallery_id":[]},"categories":[1],"tags":[],"yoast_head":"<!-- This site is optimized with the Yoast SEO plugin v23.5 - https:\/\/yoast.com\/wordpress\/plugins\/seo\/ -->\n<title>Poids d&#039;\u00e9quilibre - Psychodi\u00e9t\u00e9tique.fr<\/title>\n<meta name=\"description\" content=\"Trouver son poids d&#039;\u00e9quilibre, naturellement, sans r\u00e9gime et le maintenir durablement. D\u00e9couvrez comment y parvenir dans cet article.\" \/>\n<meta name=\"robots\" content=\"index, follow, max-snippet:-1, max-image-preview:large, max-video-preview:-1\" \/>\n<link rel=\"canonical\" href=\"https:\/\/psychodietetique.fr\/index.php\/2023\/12\/13\/poids-d-equilibre\/\" \/>\n<meta property=\"og:locale\" content=\"en_US\" \/>\n<meta property=\"og:type\" content=\"article\" \/>\n<meta property=\"og:title\" content=\"Poids d&#039;\u00e9quilibre - Psychodi\u00e9t\u00e9tique.fr\" \/>\n<meta property=\"og:description\" content=\"Trouver son poids d&#039;\u00e9quilibre, naturellement, sans r\u00e9gime et le maintenir durablement. D\u00e9couvrez comment y parvenir dans cet article.\" \/>\n<meta property=\"og:url\" content=\"https:\/\/psychodietetique.fr\/index.php\/2023\/12\/13\/poids-d-equilibre\/\" \/>\n<meta property=\"og:site_name\" content=\"Psychodi\u00e9t\u00e9tique.fr\" \/>\n<meta property=\"article:published_time\" content=\"2023-12-13T15:37:19+00:00\" \/>\n<meta property=\"article:modified_time\" content=\"2025-03-24T14:46:35+00:00\" \/>\n<meta property=\"og:image\" content=\"https:\/\/psychodietetique.fr\/wp-content\/uploads\/2023\/12\/Comment-trouver-son-poids-de-forme-jpg.webp\" \/>\n\t<meta property=\"og:image:width\" content=\"2240\" \/>\n\t<meta property=\"og:image:height\" content=\"1260\" \/>\n\t<meta property=\"og:image:type\" content=\"image\/jpeg\" \/>\n<meta name=\"author\" content=\"Amandine Perrichon\" \/>\n<meta name=\"twitter:card\" content=\"summary_large_image\" \/>\n<meta name=\"twitter:label1\" content=\"Written by\" \/>\n\t<meta name=\"twitter:data1\" content=\"Amandine Perrichon\" \/>\n\t<meta name=\"twitter:label2\" content=\"Est. reading time\" \/>\n\t<meta name=\"twitter:data2\" content=\"5 minutes\" \/>\n<script type=\"application\/ld+json\" class=\"yoast-schema-graph\">{\"@context\":\"https:\/\/schema.org\",\"@graph\":[{\"@type\":\"Article\",\"@id\":\"https:\/\/psychodietetique.fr\/index.php\/2023\/12\/13\/poids-d-equilibre\/#article\",\"isPartOf\":{\"@id\":\"https:\/\/psychodietetique.fr\/index.php\/2023\/12\/13\/poids-d-equilibre\/\"},\"author\":{\"name\":\"Amandine Perrichon\",\"@id\":\"https:\/\/psychodietetique.fr\/#\/schema\/person\/648958742ec8002e41a8b8e14edb9a13\"},\"headline\":\"Comment trouver votre poids d\u2019\u00e9quilibre?\",\"datePublished\":\"2023-12-13T15:37:19+00:00\",\"dateModified\":\"2025-03-24T14:46:35+00:00\",\"mainEntityOfPage\":{\"@id\":\"https:\/\/psychodietetique.fr\/index.php\/2023\/12\/13\/poids-d-equilibre\/\"},\"wordCount\":1304,\"commentCount\":0,\"publisher\":{\"@id\":\"https:\/\/psychodietetique.fr\/#organization\"},\"image\":{\"@id\":\"https:\/\/psychodietetique.fr\/index.php\/2023\/12\/13\/poids-d-equilibre\/#primaryimage\"},\"thumbnailUrl\":\"https:\/\/psychodietetique.fr\/wp-content\/uploads\/2023\/12\/Comment-trouver-son-poids-de-forme-jpg.webp\",\"articleSection\":[\"Blog\"],\"inLanguage\":\"en-US\",\"potentialAction\":[{\"@type\":\"CommentAction\",\"name\":\"Comment\",\"target\":[\"https:\/\/psychodietetique.fr\/index.php\/2023\/12\/13\/poids-d-equilibre\/#respond\"]}]},{\"@type\":\"WebPage\",\"@id\":\"https:\/\/psychodietetique.fr\/index.php\/2023\/12\/13\/poids-d-equilibre\/\",\"url\":\"https:\/\/psychodietetique.fr\/index.php\/2023\/12\/13\/poids-d-equilibre\/\",\"name\":\"Poids d'\u00e9quilibre - Psychodi\u00e9t\u00e9tique.fr\",\"isPartOf\":{\"@id\":\"https:\/\/psychodietetique.fr\/#website\"},\"primaryImageOfPage\":{\"@id\":\"https:\/\/psychodietetique.fr\/index.php\/2023\/12\/13\/poids-d-equilibre\/#primaryimage\"},\"image\":{\"@id\":\"https:\/\/psychodietetique.fr\/index.php\/2023\/12\/13\/poids-d-equilibre\/#primaryimage\"},\"thumbnailUrl\":\"https:\/\/psychodietetique.fr\/wp-content\/uploads\/2023\/12\/Comment-trouver-son-poids-de-forme-jpg.webp\",\"datePublished\":\"2023-12-13T15:37:19+00:00\",\"dateModified\":\"2025-03-24T14:46:35+00:00\",\"description\":\"Trouver son poids d'\u00e9quilibre, naturellement, sans r\u00e9gime et le maintenir durablement. D\u00e9couvrez comment y parvenir dans cet article.\",\"breadcrumb\":{\"@id\":\"https:\/\/psychodietetique.fr\/index.php\/2023\/12\/13\/poids-d-equilibre\/#breadcrumb\"},\"inLanguage\":\"en-US\",\"potentialAction\":[{\"@type\":\"ReadAction\",\"target\":[\"https:\/\/psychodietetique.fr\/index.php\/2023\/12\/13\/poids-d-equilibre\/\"]}]},{\"@type\":\"ImageObject\",\"inLanguage\":\"en-US\",\"@id\":\"https:\/\/psychodietetique.fr\/index.php\/2023\/12\/13\/poids-d-equilibre\/#primaryimage\",\"url\":\"https:\/\/psychodietetique.fr\/wp-content\/uploads\/2023\/12\/Comment-trouver-son-poids-de-forme-jpg.webp\",\"contentUrl\":\"https:\/\/psychodietetique.fr\/wp-content\/uploads\/2023\/12\/Comment-trouver-son-poids-de-forme-jpg.webp\",\"width\":2240,\"height\":1260,\"caption\":\"Trouver son poids d'\u00e9quilibre\"},{\"@type\":\"BreadcrumbList\",\"@id\":\"https:\/\/psychodietetique.fr\/index.php\/2023\/12\/13\/poids-d-equilibre\/#breadcrumb\",\"itemListElement\":[{\"@type\":\"ListItem\",\"position\":1,\"name\":\"Accueil\",\"item\":\"https:\/\/psychodietetique.fr\/\"},{\"@type\":\"ListItem\",\"position\":2,\"name\":\"Comment trouver votre poids d\u2019\u00e9quilibre?\"}]},{\"@type\":\"WebSite\",\"@id\":\"https:\/\/psychodietetique.fr\/#website\",\"url\":\"https:\/\/psychodietetique.fr\/\",\"name\":\"Psychodi\u00e9t\u00e9tique.fr\",\"description\":\"Di\u00e9t\u00e9ticienne-Nutrionniste\",\"publisher\":{\"@id\":\"https:\/\/psychodietetique.fr\/#organization\"},\"potentialAction\":[{\"@type\":\"SearchAction\",\"target\":{\"@type\":\"EntryPoint\",\"urlTemplate\":\"https:\/\/psychodietetique.fr\/?s={search_term_string}\"},\"query-input\":{\"@type\":\"PropertyValueSpecification\",\"valueRequired\":true,\"valueName\":\"search_term_string\"}}],\"inLanguage\":\"en-US\"},{\"@type\":\"Organization\",\"@id\":\"https:\/\/psychodietetique.fr\/#organization\",\"name\":\"Psychodi\u00e9t\u00e9tique.fr\",\"url\":\"https:\/\/psychodietetique.fr\/\",\"logo\":{\"@type\":\"ImageObject\",\"inLanguage\":\"en-US\",\"@id\":\"https:\/\/psychodietetique.fr\/#\/schema\/logo\/image\/\",\"url\":\"https:\/\/psychodietetique.fr\/wp-content\/uploads\/2023\/08\/Logo-seul-transparent-1.png\",\"contentUrl\":\"https:\/\/psychodietetique.fr\/wp-content\/uploads\/2023\/08\/Logo-seul-transparent-1.png\",\"width\":1000,\"height\":1000,\"caption\":\"Psychodi\u00e9t\u00e9tique.fr\"},\"image\":{\"@id\":\"https:\/\/psychodietetique.fr\/#\/schema\/logo\/image\/\"}},{\"@type\":\"Person\",\"@id\":\"https:\/\/psychodietetique.fr\/#\/schema\/person\/648958742ec8002e41a8b8e14edb9a13\",\"name\":\"Amandine Perrichon\",\"image\":{\"@type\":\"ImageObject\",\"inLanguage\":\"en-US\",\"@id\":\"https:\/\/psychodietetique.fr\/#\/schema\/person\/image\/\",\"url\":\"https:\/\/secure.gravatar.com\/avatar\/ba3820ed1361954bf5c6314832ed8c9e?s=96&d=mm&r=g\",\"contentUrl\":\"https:\/\/secure.gravatar.com\/avatar\/ba3820ed1361954bf5c6314832ed8c9e?s=96&d=mm&r=g\",\"caption\":\"Amandine Perrichon\"},\"sameAs\":[\"https:\/\/psychodietetique.fr\"],\"url\":\"https:\/\/psychodietetique.fr\/index.php\/author\/ap_admin\/\"}]}<\/script>\n<!-- \/ Yoast SEO plugin. -->","yoast_head_json":{"title":"Poids d'\u00e9quilibre - Psychodi\u00e9t\u00e9tique.fr","description":"Trouver son poids d'\u00e9quilibre, naturellement, sans r\u00e9gime et le maintenir durablement. D\u00e9couvrez comment y parvenir dans cet article.","robots":{"index":"index","follow":"follow","max-snippet":"max-snippet:-1","max-image-preview":"max-image-preview:large","max-video-preview":"max-video-preview:-1"},"canonical":"https:\/\/psychodietetique.fr\/index.php\/2023\/12\/13\/poids-d-equilibre\/","og_locale":"en_US","og_type":"article","og_title":"Poids d'\u00e9quilibre - Psychodi\u00e9t\u00e9tique.fr","og_description":"Trouver son poids d'\u00e9quilibre, naturellement, sans r\u00e9gime et le maintenir durablement. D\u00e9couvrez comment y parvenir dans cet article.","og_url":"https:\/\/psychodietetique.fr\/index.php\/2023\/12\/13\/poids-d-equilibre\/","og_site_name":"Psychodi\u00e9t\u00e9tique.fr","article_published_time":"2023-12-13T15:37:19+00:00","article_modified_time":"2025-03-24T14:46:35+00:00","og_image":[{"width":2240,"height":1260,"url":"https:\/\/psychodietetique.fr\/wp-content\/uploads\/2023\/12\/Comment-trouver-son-poids-de-forme-jpg.webp","type":"image\/jpeg"}],"author":"Amandine Perrichon","twitter_card":"summary_large_image","twitter_misc":{"Written by":"Amandine Perrichon","Est. reading time":"5 minutes"},"schema":{"@context":"https:\/\/schema.org","@graph":[{"@type":"Article","@id":"https:\/\/psychodietetique.fr\/index.php\/2023\/12\/13\/poids-d-equilibre\/#article","isPartOf":{"@id":"https:\/\/psychodietetique.fr\/index.php\/2023\/12\/13\/poids-d-equilibre\/"},"author":{"name":"Amandine Perrichon","@id":"https:\/\/psychodietetique.fr\/#\/schema\/person\/648958742ec8002e41a8b8e14edb9a13"},"headline":"Comment trouver votre poids d\u2019\u00e9quilibre?","datePublished":"2023-12-13T15:37:19+00:00","dateModified":"2025-03-24T14:46:35+00:00","mainEntityOfPage":{"@id":"https:\/\/psychodietetique.fr\/index.php\/2023\/12\/13\/poids-d-equilibre\/"},"wordCount":1304,"commentCount":0,"publisher":{"@id":"https:\/\/psychodietetique.fr\/#organization"},"image":{"@id":"https:\/\/psychodietetique.fr\/index.php\/2023\/12\/13\/poids-d-equilibre\/#primaryimage"},"thumbnailUrl":"https:\/\/psychodietetique.fr\/wp-content\/uploads\/2023\/12\/Comment-trouver-son-poids-de-forme-jpg.webp","articleSection":["Blog"],"inLanguage":"en-US","potentialAction":[{"@type":"CommentAction","name":"Comment","target":["https:\/\/psychodietetique.fr\/index.php\/2023\/12\/13\/poids-d-equilibre\/#respond"]}]},{"@type":"WebPage","@id":"https:\/\/psychodietetique.fr\/index.php\/2023\/12\/13\/poids-d-equilibre\/","url":"https:\/\/psychodietetique.fr\/index.php\/2023\/12\/13\/poids-d-equilibre\/","name":"Poids d'\u00e9quilibre - Psychodi\u00e9t\u00e9tique.fr","isPartOf":{"@id":"https:\/\/psychodietetique.fr\/#website"},"primaryImageOfPage":{"@id":"https:\/\/psychodietetique.fr\/index.php\/2023\/12\/13\/poids-d-equilibre\/#primaryimage"},"image":{"@id":"https:\/\/psychodietetique.fr\/index.php\/2023\/12\/13\/poids-d-equilibre\/#primaryimage"},"thumbnailUrl":"https:\/\/psychodietetique.fr\/wp-content\/uploads\/2023\/12\/Comment-trouver-son-poids-de-forme-jpg.webp","datePublished":"2023-12-13T15:37:19+00:00","dateModified":"2025-03-24T14:46:35+00:00","description":"Trouver son poids d'\u00e9quilibre, naturellement, sans r\u00e9gime et le maintenir durablement. D\u00e9couvrez comment y parvenir dans cet article.","breadcrumb":{"@id":"https:\/\/psychodietetique.fr\/index.php\/2023\/12\/13\/poids-d-equilibre\/#breadcrumb"},"inLanguage":"en-US","potentialAction":[{"@type":"ReadAction","target":["https:\/\/psychodietetique.fr\/index.php\/2023\/12\/13\/poids-d-equilibre\/"]}]},{"@type":"ImageObject","inLanguage":"en-US","@id":"https:\/\/psychodietetique.fr\/index.php\/2023\/12\/13\/poids-d-equilibre\/#primaryimage","url":"https:\/\/psychodietetique.fr\/wp-content\/uploads\/2023\/12\/Comment-trouver-son-poids-de-forme-jpg.webp","contentUrl":"https:\/\/psychodietetique.fr\/wp-content\/uploads\/2023\/12\/Comment-trouver-son-poids-de-forme-jpg.webp","width":2240,"height":1260,"caption":"Trouver son poids d'\u00e9quilibre"},{"@type":"BreadcrumbList","@id":"https:\/\/psychodietetique.fr\/index.php\/2023\/12\/13\/poids-d-equilibre\/#breadcrumb","itemListElement":[{"@type":"ListItem","position":1,"name":"Accueil","item":"https:\/\/psychodietetique.fr\/"},{"@type":"ListItem","position":2,"name":"Comment trouver votre poids d\u2019\u00e9quilibre?"}]},{"@type":"WebSite","@id":"https:\/\/psychodietetique.fr\/#website","url":"https:\/\/psychodietetique.fr\/","name":"Psychodi\u00e9t\u00e9tique.fr","description":"Di\u00e9t\u00e9ticienne-Nutrionniste","publisher":{"@id":"https:\/\/psychodietetique.fr\/#organization"},"potentialAction":[{"@type":"SearchAction","target":{"@type":"EntryPoint","urlTemplate":"https:\/\/psychodietetique.fr\/?s={search_term_string}"},"query-input":{"@type":"PropertyValueSpecification","valueRequired":true,"valueName":"search_term_string"}}],"inLanguage":"en-US"},{"@type":"Organization","@id":"https:\/\/psychodietetique.fr\/#organization","name":"Psychodi\u00e9t\u00e9tique.fr","url":"https:\/\/psychodietetique.fr\/","logo":{"@type":"ImageObject","inLanguage":"en-US","@id":"https:\/\/psychodietetique.fr\/#\/schema\/logo\/image\/","url":"https:\/\/psychodietetique.fr\/wp-content\/uploads\/2023\/08\/Logo-seul-transparent-1.png","contentUrl":"https:\/\/psychodietetique.fr\/wp-content\/uploads\/2023\/08\/Logo-seul-transparent-1.png","width":1000,"height":1000,"caption":"Psychodi\u00e9t\u00e9tique.fr"},"image":{"@id":"https:\/\/psychodietetique.fr\/#\/schema\/logo\/image\/"}},{"@type":"Person","@id":"https:\/\/psychodietetique.fr\/#\/schema\/person\/648958742ec8002e41a8b8e14edb9a13","name":"Amandine Perrichon","image":{"@type":"ImageObject","inLanguage":"en-US","@id":"https:\/\/psychodietetique.fr\/#\/schema\/person\/image\/","url":"https:\/\/secure.gravatar.com\/avatar\/ba3820ed1361954bf5c6314832ed8c9e?s=96&d=mm&r=g","contentUrl":"https:\/\/secure.gravatar.com\/avatar\/ba3820ed1361954bf5c6314832ed8c9e?s=96&d=mm&r=g","caption":"Amandine Perrichon"},"sameAs":["https:\/\/psychodietetique.fr"],"url":"https:\/\/psychodietetique.fr\/index.php\/author\/ap_admin\/"}]}},"jetpack_featured_media_url":"https:\/\/psychodietetique.fr\/wp-content\/uploads\/2023\/12\/Comment-trouver-son-poids-de-forme-jpg.webp","_links":{"self":[{"href":"https:\/\/psychodietetique.fr\/index.php\/wp-json\/wp\/v2\/posts\/4539"}],"collection":[{"href":"https:\/\/psychodietetique.fr\/index.php\/wp-json\/wp\/v2\/posts"}],"about":[{"href":"https:\/\/psychodietetique.fr\/index.php\/wp-json\/wp\/v2\/types\/post"}],"author":[{"embeddable":true,"href":"https:\/\/psychodietetique.fr\/index.php\/wp-json\/wp\/v2\/users\/1"}],"replies":[{"embeddable":true,"href":"https:\/\/psychodietetique.fr\/index.php\/wp-json\/wp\/v2\/comments?post=4539"}],"version-history":[{"count":22,"href":"https:\/\/psychodietetique.fr\/index.php\/wp-json\/wp\/v2\/posts\/4539\/revisions"}],"predecessor-version":[{"id":5172,"href":"https:\/\/psychodietetique.fr\/index.php\/wp-json\/wp\/v2\/posts\/4539\/revisions\/5172"}],"wp:featuredmedia":[{"embeddable":true,"href":"https:\/\/psychodietetique.fr\/index.php\/wp-json\/wp\/v2\/media\/4540"}],"wp:attachment":[{"href":"https:\/\/psychodietetique.fr\/index.php\/wp-json\/wp\/v2\/media?parent=4539"}],"wp:term":[{"taxonomy":"category","embeddable":true,"href":"https:\/\/psychodietetique.fr\/index.php\/wp-json\/wp\/v2\/categories?post=4539"},{"taxonomy":"post_tag","embeddable":true,"href":"https:\/\/psychodietetique.fr\/index.php\/wp-json\/wp\/v2\/tags?post=4539"}],"curies":[{"name":"wp","href":"https:\/\/api.w.org\/{rel}","templated":true}]}}